{"id":11221,"date":"2024-09-05T14:59:14","date_gmt":"2024-09-05T14:59:14","guid":{"rendered":"https:\/\/ladepeche.mr\/?p=11221"},"modified":"2024-09-05T14:59:14","modified_gmt":"2024-09-05T14:59:14","slug":"matignon-michel-barnier-nomme-premier-ministre-le-vieux-monde-se-perpetue","status":"publish","type":"post","link":"https:\/\/ladepeche.mr\/?p=11221","title":{"rendered":"Matignon : Michel Barnier nomm\u00e9 premier ministre, le vieux monde se perp\u00e9tue"},"content":{"rendered":"<div class=\"rich-text u-margin-b-3 u-padding-b-0 u-padding-t-0\">\n<p class=\"chapo\">Michel Barnier, 73\u00a0ans, ancien commissaire europ\u00e9en et ministre sous Nicolas Sarkozy et Jacques Chirac, a \u00e9t\u00e9 nomm\u00e9 Premier ministre par Emmanuel Macron. \u00c0 gauche, on fustige un \u00ab\u00a0d\u00e9ni d\u00e9mocratique\u00a0\u00bb. Le Rassemblement national a annonc\u00e9 qu\u2019il ne le censurerait pas automatiquement.<\/p>\n<\/div>\n<div class=\"single__content__text__reverse u-flex-column\">\n<div class=\"single__content__text__published u-align-items-center c-purple t-label-medium u-flex-row u-margin-b-1\">\n<p>Apr\u00e8s\u00a0<a href=\"https:\/\/www.humanite.fr\/politique\/budget\/coupes-drastiques-dans-le-budget-2025-voila-pourquoi-emmanuel-macron-tarde-tant-a-nommer-un-premier-ministre\" target=\"_blank\" rel=\"noopener\">des semaines d\u2019attente et plusieurs cycles de consultations<\/a>, Emmanuel Macron a nomm\u00e9 Michel Barnier premier ministre. Le pr\u00e9sident de la R\u00e9publique a demand\u00e9 au nouvel occupant de Matignon de<em>\u00a0\u00ab\u00a0constituer un gouvernement de rassemblement au service du pays\u00a0\u00bb,\u00a0<\/em>selon un communiqu\u00e9 de l\u2019\u00c9lys\u00e9e.<\/p>\n<p><em>\u00ab\u00a0Cette nomination intervient apr\u00e8s un cycle in\u00e9dit de consultations au cours duquel, conform\u00e9ment \u00e0 son devoir constitutionnel, s\u2019est assur\u00e9 que le Premier ministre et le gouvernement \u00e0 venir r\u00e9unissent les conditions pour \u00eatre les plus stables possibles et se donner les chances de rassembler le plus largement\u00a0\u00bb,<\/em>\u00a0indique l\u2019\u00c9lys\u00e9e dans un communiqu\u00e9.<\/p>\n<h2 class=\"wp-block-heading\">Vieux monde<\/h2>\n<p>Michel Barnier a \u00e9t\u00e9 ministre de l\u2019Environnement en 1993, puis trois fois sous les pr\u00e9sidences de Jacques Chirac et de Nicolas Sarkozy (ministre d\u00e9l\u00e9gu\u00e9 aux Affaires europ\u00e9ennes en 1995, ministre des Affaires \u00e9trang\u00e8res en 2004 et ministre de l\u2019Agriculture en 2007).<\/p>\n<p><a href=\"https:\/\/www.humanite.fr\/politique\/presidentielle-2022\/presidentielle-congres-lr-le-scrutin-incertain-dun-parti-fragile-729375\" target=\"_blank\" rel=\"noopener\">Il est bri\u00e8vement r\u00e9apparu en 2021<\/a>\u00a0dans la vie politique fran\u00e7aise en se portant candidat \u00e0 la primaire de son parti, Les R\u00e9publicains (LR), pour la pr\u00e9sidentielle de 2022. Il a \u00e9galement n\u00e9goci\u00e9 les conditions du Brexit et devra d\u00e9sormais user de diplomatie pour diriger un gouvernement minoritaire \u00e0 l\u2019Assembl\u00e9e.<\/p>\n<p>73\u00a0ans, issu des R\u00e9publicains, un parti tr\u00e8s minoritaire dans la nouvelle Assembl\u00e9e nationale, l\u2019ancien commissaire europ\u00e9en Michel Barnier semble bien repr\u00e9senter le vieux monde et la continuit\u00e9 de la politique macroniste. Plus vieux Premier ministre de la Ve\u00a0R\u00e9publique, il succ\u00e8de \u00e0\u00a0<a href=\"https:\/\/www.humanite.fr\/social-et-economie\/budget\/budget-gabriel-attal-veut-economiser-32-milliards-deuros-aux-depens-du-travail\" target=\"_blank\" rel=\"noopener\">Gabriel Attal<\/a>\u00a0qui \u00e9tait le plus jeune.<\/p>\n<p>Il va devoir tenter de former un gouvernement susceptible de survivre \u00e0 une censure parlementaire. Le temps des n\u00e9gociations, les ministres d\u00e9missionnaires vont eux rester en fonction pour continuer de g\u00e9rer les affaires courantes. Le RN a d\u2019ores et d\u00e9j\u00e0 annonc\u00e9 qu\u2019il ne censurerait pas imm\u00e9diatement Michel Barnier.\u00a0<em>\u00ab\u00a0Nous attendons de voir quel est le discours de politique g\u00e9n\u00e9rale de M.\u00a0Barnier et la mani\u00e8re dont il m\u00e8ne les compromis qui vont \u00eatre n\u00e9cessaires sur le budget \u00e0 venir\u00a0\u00bb<\/em>, a d\u00e9clar\u00e9 Marine Le\u00a0Pen sur LCI.\u00a0<em>\u00ab\u00a0Nous jugerons sur pi\u00e8ces son discours de politique g\u00e9n\u00e9rale, ses arbitrages budg\u00e9taires et son action<\/em>\u00a0\u00bb, a rench\u00e9ri le pr\u00e9sident du RN, Jordan Bardella.<\/p>\n<h2 class=\"wp-block-heading\">\u00ab\u00a0De qui se moque-t-on\u00a0?\u00a0\u00bb<\/h2>\n<p>\u00c0 gauche en revanche, les r\u00e9actions sont claires\u00a0: \u00ab\u00a0<em>Michel Barnier \u00e0 Matignon, c\u2019est le candidat minoritaire d\u2019un parti minoritaire, nomm\u00e9 par un pr\u00e9sident battu, au service d\u2019une politique lib\u00e9rale et antisociale. C\u2019est un terrible coup port\u00e9 \u00e0 la d\u00e9mocratie et au peuple fran\u00e7ais<\/em>\u00a0\u00bb, tranche le s\u00e9nateur PCF Pierre Ouzoulias sur X.\u00a0<em>\u00ab\u00a0Le choix de la droite pour poursuivre la politique du Pr\u00e9sident\u00a0\u00bb<\/em>, r\u00e9sume pour sa part le secr\u00e9taire national du PCF Fabien Roussel ajoutant que\u00a0<em>\u00ab\u00a0lib\u00e9ral, europ\u00e9iste, anti-social, Barnier est aux antipodes du message envoy\u00e9 par les Fran\u00e7ais aux l\u00e9gislatives\u00a0\u00bb<\/em>. C\u2019est\u00a0<em>\u00ab\u00a0un bras d\u2019honneur aux Fran\u00e7ais qui aspirent au changement\u00a0\u00bb,<\/em> assure le dirigeant communiste.<\/p>\n<p>De fait, de nombreuses voix s\u2019\u00e9l\u00e8vent d\u00e9j\u00e0 pour d\u00e9noncer un \u00ab\u00a0d\u00e9ni d\u00e9mocratique\u00a0\u00bb. \u00ab\u00a0<em>En nommant Michel Barnier \u00e0 Matignon, repr\u00e9sentant d\u2019une force politique sortie vaincue des \u00e9lections l\u00e9gislatives, Emmanuel Macron pi\u00e9tine le vote des Fran\u00e7ais\u00b7es et va \u00e0 l\u2019encontre de l\u2019esprit de notre R\u00e9publique<\/em>\u00a0\u00bb, a r\u00e9agi le Part socialiste.\u00a0<em>\u00ab\u00a0Un premier ministre issu du parti qui est arriv\u00e9 en 4<sup>e<\/sup>\u00a0position et qui n\u2019a m\u00eame pas particip\u00e9 au front r\u00e9publicain. Nous entrons dans une crise de r\u00e9gime\u00a0\u00bb<\/em>, a jug\u00e9 son premier secr\u00e9taire, Olivier Faure.<\/p>\n<p>\u00ab\u00a0<em>De qui se moque-t-on\u00a0?<\/em>\u00a0\u00bb s\u2019insurge Marine Tondelier, Secr\u00e9taire nationale d\u2019EELV, sur le r\u00e9seau social, tout en envoyant un\u00a0<em>\u00ab\u00a0message de service \u00e0 tous les \u00e9lecteurs du Nouveau Front populaire\u00a0<\/em>:\u00a0<em>\u201cSurtout, ne vous r\u00e9signez pas. C\u2019est exactement ce qu\u2019ils attendent\u201d\u00a0\u00bb<\/em>. \u00ab\u00a0<em>Emmanuel Macron cherchait un clone capable de poursuivre la politique men\u00e9e depuis 7\u00a0ans. Il l\u2019a trouv\u00e9 avec Michel Barnier. La forfaiture d\u00e9mocratique est totale<\/em>\u00a0\u00bb, a pour sa part r\u00e9agi Ian Brossat.<\/p>\n<p>\u00ab\u00a0<em>Michel Barnier a d\u00e9j\u00e0 vol\u00e9 une \u00e9lection. Apr\u00e8s le vote contre la Constitution europ\u00e9enne en 2005, il a pr\u00e9par\u00e9 le vote du m\u00eame texte au Congr\u00e8s du Parlement. Il a vot\u00e9 contre la d\u00e9criminalisation de l\u2019homosexualit\u00e9. Quel est le sens d\u2019un tel message\u00a0?<\/em>\u00a0\u00bb interroge quant \u00e0 lui Jean-Luc M\u00e9lenchon sur X.<\/p>\n<p>Lire la suite sur: https:\/\/www.humanite.fr\/politique\/emmanuel-macron\/matignon-michel-barnier-nomme-premier-ministre-le-vieux-monde-se-perpetue<\/p>\n<\/div>\n<\/div>\n","protected":false},"excerpt":{"rendered":"<p>Michel Barnier, 73\u00a0ans, ancien commissaire europ\u00e9en et ministre sous Nicolas Sarkozy et Jacques Chirac, a \u00e9t\u00e9 nomm\u00e9 Premier ministre par Emmanuel Macron. \u00c0 gauche, on fustige un \u00ab\u00a0d\u00e9ni d\u00e9mocratique\u00a0\u00bb. Le Rassemblement national a annonc\u00e9 qu\u2019il ne le censurerait pas automatiquement. Apr\u00e8s\u00a0des semaines d\u2019attente et plusieurs cycles de consultations, Emmanuel Macron a nomm\u00e9 Michel Barnier premier &hellip;<\/p>\n","protected":false},"author":2,"featured_media":11222,"comment_status":"open","ping_status":"open","sticky":false,"template":"","format":"standard","meta":{"footnotes":""},"categories":[18,29],"tags":[],"class_list":["post-11221","post","type-post","status-publish","format-standard","has-post-thumbnail","hentry","category-actualites","category-monde"],"_links":{"self":[{"href":"https:\/\/ladepeche.mr\/index.php?rest_route=\/wp\/v2\/posts\/11221","targetHints":{"allow":["GET"]}}],"collection":[{"href":"https:\/\/ladepeche.mr\/index.php?rest_route=\/wp\/v2\/posts"}],"about":[{"href":"https:\/\/ladepeche.mr\/index.php?rest_route=\/wp\/v2\/types\/post"}],"author":[{"embeddable":true,"href":"https:\/\/ladepeche.mr\/index.php?rest_route=\/wp\/v2\/users\/2"}],"replies":[{"embeddable":true,"href":"https:\/\/ladepeche.mr\/index.php?rest_route=%2Fwp%2Fv2%2Fcomments&post=11221"}],"version-history":[{"count":1,"href":"https:\/\/ladepeche.mr\/index.php?rest_route=\/wp\/v2\/posts\/11221\/revisions"}],"predecessor-version":[{"id":11223,"href":"https:\/\/ladepeche.mr\/index.php?rest_route=\/wp\/v2\/posts\/11221\/revisions\/11223"}],"wp:featuredmedia":[{"embeddable":true,"href":"https:\/\/ladepeche.mr\/index.php?rest_route=\/wp\/v2\/media\/11222"}],"wp:attachment":[{"href":"https:\/\/ladepeche.mr\/index.php?rest_route=%2Fwp%2Fv2%2Fmedia&parent=11221"}],"wp:term":[{"taxonomy":"category","embeddable":true,"href":"https:\/\/ladepeche.mr\/index.php?rest_route=%2Fwp%2Fv2%2Fcategories&post=11221"},{"taxonomy":"post_tag","embeddable":true,"href":"https:\/\/ladepeche.mr\/index.php?rest_route=%2Fwp%2Fv2%2Ftags&post=11221"}],"curies":[{"name":"wp","href":"https:\/\/api.w.org\/{rel}","templated":true}]}}