{"id":11225,"date":"2024-09-05T17:55:39","date_gmt":"2024-09-05T17:55:39","guid":{"rendered":"https:\/\/ladepeche.mr\/?p=11225"},"modified":"2024-09-05T17:55:39","modified_gmt":"2024-09-05T17:55:39","slug":"mali-mauritanie-en-chine-goita-et-ghazouani-tentent-de-deminer-la-crise","status":"publish","type":"post","link":"https:\/\/ladepeche.mr\/?p=11225","title":{"rendered":"Mali-Mauritanie : en Chine, Go\u00efta et Ghazouani tentent de d\u00e9miner la crise"},"content":{"rendered":"<p>Le chef de l\u2019\u00c9tat mauritanien r\u00e9\u00e9lu en juin dernier et le pr\u00e9sident malien de la transition se sont rencontr\u00e9s pour la premi\u00e8re fois \u00e0 P\u00e9kin le 4 septembre, apr\u00e8s des mois d\u2019escalade diplomatique. Les deux voisins, dont les pays sont tr\u00e8s li\u00e9s, ne s\u2019\u00e9taient pas parl\u00e9 directement depuis des mois.<\/p>\n<p>Entre eux, les relations \u00e9taient jusqu\u2019ici glaciales, si bien qu\u2019une rencontre\u00a0entre\u00a0Mohamed Ould Cheikh El Ghazouani\u00a0et\u00a0Assimi Go\u00efta\u00a0ne semblait pas \u00e0 l\u2019ordre du jour.\u00a0Mais,\u00a0tandis que les tensions avec l\u2019Alg\u00e9rien\u00a0Abdelmadjid Tebboune\u00a0vont grandissant,\u00a0le pr\u00e9sident de la transition malienne a d\u00e9cid\u00e9 de faire un pas vers son autre voisin. Lequel fut un pr\u00e9cieux alli\u00e9 lors des lourdes\u00a0sanctions\u00a0impos\u00e9es par la Communaut\u00e9 \u00e9conomique des \u00c9tats d\u2019Afrique de l\u2019Ouest (Cedeao) \u00e0 son pays.<\/p>\n<p>C\u2019est donc \u00e0 son initiative que la rencontre du 4 septembre \u00e0 P\u00e9kin, en marge du Forum de coop\u00e9ration sino-africaine (Focac, du 4 au 6 septembre), a \u00e9t\u00e9 organis\u00e9e. L\u2019invitation avait \u00e9t\u00e9 envoy\u00e9e \u00e0 Nouakchott via une note verbale. L\u2019entretien, qui a dur\u00e9 pr\u00e8s d\u2019une heure, s\u2019est d\u00e9roul\u00e9 dans une \u00ab\u00a0atmosph\u00e8re\u00a0plut\u00f4t\u00a0cordiale et fraternelle\u00a0\u00bb. Plusieurs proches des deux pr\u00e9sidents y ont assist\u00e9, parmi lesquels les ministres maliens de la D\u00e9fense,\u00a0Sadio Camara,\u00a0et des Affaires \u00e9trang\u00e8res,\u00a0Abdoulaye Diop.\u00a0C\u00f4t\u00e9 mauritanien, le chef de la diplomatie,\u00a0Mohamed Salem Ould Merzoug,\u00a0et le directeur de cabinet du chef de l\u2019\u00c9tat,\u00a0Nani Ould Chrougha,\u00a0\u00e9taient \u00e9galement pr\u00e9sents.<\/p>\n<p><strong>Ins\u00e9curit\u00e9 frontali\u00e8re<\/strong><\/p>\n<p>Mohamed Ould Cheikh El Ghazouani\u00a0et Assimi Go\u00efta ont\u00a0bien\u00a0s\u00fbr abord\u00e9 le sujet br\u00fblant des exactions commises ces derni\u00e8res ann\u00e9es \u00e0 l\u2019encontre de citoyens mauritaniens \u00e0 la fronti\u00e8re des deux pays par les Forces arm\u00e9es maliennes (FAMa) et leurs suppl\u00e9tifs russes de\u00a0Wagner \u2013\u00a0d\u00e9sormais int\u00e9gr\u00e9s \u00e0 Africa Corps. Une enqu\u00eate lanc\u00e9e en mars 2022 par Bamako n\u2019a toujours pas livr\u00e9 ses conclusions, au grand dam de Nouakchott. Depuis, les incidents n\u2019ont\u00a0cess\u00e9\u00a0de se r\u00e9p\u00e9ter et l\u2019ins\u00e9curit\u00e9 \u00e0 la fronti\u00e8re est devenue tr\u00e8s pr\u00e9judiciable aux habitants de la r\u00e9gion mauritanienne du Hodh El Chargui. Communiqu\u00e9s au ton inhabituellement ferme, rappel de l\u2019ambassadeur du Mali, visite de son ministre de la D\u00e9fense\u00a0Hanena Ould Sidi\u00a0\u00e0 Bamako\u2026 La Mauritanie n\u2019a cess\u00e9 d\u2019exprimer son m\u00e9contentement.<\/p>\n<p>\u00c0 tel point qu\u2019Assimi Go\u00efta a personnellement t\u00e9l\u00e9phon\u00e9 \u00e0 Mohamed Ould\u00a0Ghazouani\u00a0le 10 mars dernier afin d\u2019\u00e9viter que la situation ne s\u2019envenime davantage. Leurs contacts directs \u00e9taient alors devenus quasi inexistants. \u00c0 P\u00e9kin, les deux dirigeants ont demand\u00e9 \u00e0 leurs ministres des Affaires \u00e9trang\u00e8res et de la D\u00e9fense de se coordonner pour poursuivre les concertations.<\/p>\n<p>Mohamed Ould Ghazouani a rappel\u00e9 \u00e0 Assimi Go\u00efta son attachement \u00e0 l\u2019int\u00e9grit\u00e9 territoriale du Mali mais aussi au principe selon lequel\u00a0la\u00a0s\u00e9curit\u00e9 ne peut \u00eatre que collective. Il a \u00e9galement insist\u00e9 sur le fait que la multiplication des \u00e9changes d\u2019informations et de renseignements est cruciale. La partie mauritanienne a jug\u00e9 Go\u00efta r\u00e9ceptif, m\u00eame s\u2019il est peu probable que ses souhaits se concr\u00e9tisent. Ancien chef d\u2019\u00e9tat-major g\u00e9n\u00e9ral des arm\u00e9es, le pr\u00e9sident mauritanien se sait malgr\u00e9 tout \u00e9cout\u00e9 par le colonel malien.<\/p>\n<p><strong>Bamako fid\u00e8le \u00e0 la Russie<\/strong><\/p>\n<p>Parmi\u00a0les\u00a0sujets clivants figure donc en bonne place la soci\u00e9t\u00e9 militaire priv\u00e9e Wagner, qualifi\u00e9e de \u00ab\u00a0milice\u00a0\u00bb par Nouakchott. Ghazouani a exprim\u00e9 \u00e0 plusieurs reprises, notamment aupr\u00e8s du ministre russe des Affaires \u00e9trang\u00e8res,\u00a0Sergue\u00ef Lavrov,\u00a0en visite \u00e0 Nouakchott en f\u00e9vrier 2023,\u00a0son refus cat\u00e9gorique d\u2019accueillir ces mercenaires dans son pays. Une position qu\u2019il a de nouveau exprim\u00e9e aupr\u00e8s d\u2019Assimi Go\u00efta. Celui-ci, fid\u00e8le \u00e0\u00a0son\u00a0choix d\u2019alliance russe, a sans surprise camp\u00e9 sur ses positions.<\/p>\n<p>Enfin, la question de la r\u00e9int\u00e9gration du Mali au sein de l\u2019Union africaine (UA), que dirige actuellement le pr\u00e9sident mauritanien, a \u00e9galement \u00e9t\u00e9 \u00e9voqu\u00e9e. En avril, le pr\u00e9sident de la Commission de l\u2019UA,\u00a0Moussa Faki Mahamat,\u00a0avait exhort\u00e9 Bamako \u00e0 \u00ab\u00a0travailler \u00e0 une feuille de route visant \u00e0 achever la transition\u00a0en\u00a0cours\u00a0\u00bb,\u00a0pointant du doigt la suspension des partis et des associations de nature politique comme \u00e9tant des entraves \u00e0 ce processus.<\/p>\n<p>Selon nos sources, une r\u00e9union de l\u2019organisation continentale doit avoir lieu en marge de l\u2019Assembl\u00e9e g\u00e9n\u00e9rale des Nations unies, qui s\u2019ouvrira le 10\u00a0septembre \u00e0 New York. Plusieurs grandes initiatives seront d\u00e9cid\u00e9es \u00e0 cette occasion, concernant notamment la situation des pays putschistes d\u2019Afrique\u00a0de\u00a0l\u2019Ouest.<\/p>\n<p>https:\/\/www.jeuneafrique.com\/<\/p>\n","protected":false},"excerpt":{"rendered":"<p>Le chef de l\u2019\u00c9tat mauritanien r\u00e9\u00e9lu en juin dernier et le pr\u00e9sident malien de la transition se sont rencontr\u00e9s pour la premi\u00e8re fois \u00e0 P\u00e9kin le 4 septembre, apr\u00e8s des mois d\u2019escalade diplomatique. Les deux voisins, dont les pays sont tr\u00e8s li\u00e9s, ne s\u2019\u00e9taient pas parl\u00e9 directement depuis des mois. Entre eux, les relations \u00e9taient &hellip;<\/p>\n","protected":false},"author":2,"featured_media":11226,"comment_status":"open","ping_status":"open","sticky":false,"template":"","format":"standard","meta":{"footnotes":""},"categories":[18,29],"tags":[],"class_list":["post-11225","post","type-post","status-publish","format-standard","has-post-thumbnail","hentry","category-actualites","category-monde"],"_links":{"self":[{"href":"https:\/\/ladepeche.mr\/index.php?rest_route=\/wp\/v2\/posts\/11225","targetHints":{"allow":["GET"]}}],"collection":[{"href":"https:\/\/ladepeche.mr\/index.php?rest_route=\/wp\/v2\/posts"}],"about":[{"href":"https:\/\/ladepeche.mr\/index.php?rest_route=\/wp\/v2\/types\/post"}],"author":[{"embeddable":true,"href":"https:\/\/ladepeche.mr\/index.php?rest_route=\/wp\/v2\/users\/2"}],"replies":[{"embeddable":true,"href":"https:\/\/ladepeche.mr\/index.php?rest_route=%2Fwp%2Fv2%2Fcomments&post=11225"}],"version-history":[{"count":1,"href":"https:\/\/ladepeche.mr\/index.php?rest_route=\/wp\/v2\/posts\/11225\/revisions"}],"predecessor-version":[{"id":11227,"href":"https:\/\/ladepeche.mr\/index.php?rest_route=\/wp\/v2\/posts\/11225\/revisions\/11227"}],"wp:featuredmedia":[{"embeddable":true,"href":"https:\/\/ladepeche.mr\/index.php?rest_route=\/wp\/v2\/media\/11226"}],"wp:attachment":[{"href":"https:\/\/ladepeche.mr\/index.php?rest_route=%2Fwp%2Fv2%2Fmedia&parent=11225"}],"wp:term":[{"taxonomy":"category","embeddable":true,"href":"https:\/\/ladepeche.mr\/index.php?rest_route=%2Fwp%2Fv2%2Fcategories&post=11225"},{"taxonomy":"post_tag","embeddable":true,"href":"https:\/\/ladepeche.mr\/index.php?rest_route=%2Fwp%2Fv2%2Ftags&post=11225"}],"curies":[{"name":"wp","href":"https:\/\/api.w.org\/{rel}","templated":true}]}}