{"id":11228,"date":"2024-09-05T18:30:18","date_gmt":"2024-09-05T18:30:18","guid":{"rendered":"https:\/\/ladepeche.mr\/?p=11228"},"modified":"2024-09-05T18:07:27","modified_gmt":"2024-09-05T18:07:27","slug":"transformer-des-vies-en-mauritanie-grace-a-la-protection-sociale-adaptative","status":"publish","type":"post","link":"https:\/\/ladepeche.mr\/?p=11228","title":{"rendered":"Transformer des vies en Mauritanie gr\u00e2ce \u00e0 la protection sociale adaptative"},"content":{"rendered":"<h2><strong>LES POINTS MARQUANTS<\/strong><\/h2>\n<ul>\n<li><em>Avec pr\u00e8s de 30% de la population vivant sous le seuil de pauvret\u00e9, la Mauritanie s\u2019engage aujourd\u2019hui dans la promotion de la protection sociale comme solution aux d\u00e9fis socio-\u00e9conomiques auxquels est confront\u00e9 le pays.<\/em><\/li>\n<li><em>Plus de 200 000 m\u00e9nages pauvres inscrits sur la base de donn\u00e9es du Registre social b\u00e9n\u00e9ficient du Programme national des transferts sociaux Tekavoul, un des nombreux programmes de protection sociale adaptatifs et transformateurs mis en \u0153uvre par le gouvernement de Mauritanie et soutenu par l\u2019Association internationale de d\u00e9veloppement (IDA), l\u2019institution de la Banque mondiale qui se consacre aux pays \u00e0 faible revenu.<\/em><\/li>\n<li><em><em>Les jeunes et les femmes sont les priorit\u00e9s du d\u00e9veloppement du capital humain pour les prochaines g\u00e9n\u00e9rations.<\/em><\/em>&nbsp;\n<p>Henniya mint Teyib fait partie des plus de 200 000 m\u00e9nages pauvres inscrits sur la base de donn\u00e9es du Registre social b\u00e9n\u00e9ficiant du Programme national des transferts sociaux Tekavoul, un des nombreux programmes de protection sociale adaptatifs et transformateurs mis en \u0153uvre par le gouvernement mauritanien et soutenu par l\u2019Association internationale de d\u00e9veloppement (IDA), l\u2019institution de la Banque mondiale qui se consacre aux pays \u00e0 faible revenu.<\/p>\n<p>Tous les trimestres, elle re\u00e7oit un transfert mon\u00e9taire du gouvernement mauritanien : \u00ab J\u2019en utilise une partie pour l\u2019achat des produits d\u2019hygi\u00e8ne, les fournitures scolaires des enfants ainsi que leur alimentation. J\u2019avais un petit \u00e9tal \u00e0 la maison que j\u2019ai pu d\u00e9velopper gr\u00e2ce \u00e0 une partie des transferts de Tekavoul, et j\u2019ai pu \u00e9pargner jusqu\u2019\u00e0 acheter une brebis qui a d\u00e9j\u00e0 donn\u00e9 naissance \u00e0 deux agneaux. \u00bb<\/p>\n<p>Avec pr\u00e8s de 30% de la population vivant sous le seuil de pauvret\u00e9, la Mauritanie s\u2019engage aujourd\u2019hui dans la promotion de la protection sociale comme solution aux d\u00e9fis socio-\u00e9conomiques auxquels est confront\u00e9 le pays.<\/p>\n<p>Le gouvernement avait lanc\u00e9 en 2015 le Projet d&#8217;appui au syst\u00e8me des filets sociaux (PASyFiS 1) dans le cadre de la mise en \u0153uvre de sa Strat\u00e9gie nationale de protection sociale (SNPS), socle fondateur d\u2019une approche novatrice introduisant un mod\u00e8le de protection sociale plus inclusif et durable.<\/p>\n<p>Par ailleurs, le Programme de filets sociaux r\u00e9actifs aux chocs Elmaouna mis en \u0153uvre dans plusieurs r\u00e9gions du pays d\u00e8s 2017, a illustr\u00e9 la convergence entre l&#8217;humanitaire et le d\u00e9veloppement.<\/p>\n<p>Nous avons particip\u00e9 \u00e0 des s\u00e9ances d&#8217;information o\u00f9 nous avons re\u00e7u des conseils sur l&#8217;hygi\u00e8ne, la sant\u00e9, la nutrition et l&#8217;\u00e9ducation de nos enfants. En mettant ces conseils en pratique, j&#8217;ai remarqu\u00e9 que mes enfants, qui tombaient souvent malades auparavant, sont en meilleure sant\u00e9. Je me suis aussi investie dans l&#8217;\u00e9ducation de mes enfants, ils sont tous \u00e0 l&#8217;\u00e9cole aujourd&#8217;hui.<\/p>\n<p>**Henniya mint Teyib,**b\u00e9n\u00e9ficiaire du programme de protection sociale adaptatif<\/p>\n<p>Une approche adaptative ax\u00e9e sur l\u2019humain<br \/>\nAvec la cr\u00e9ation en 2020 de la d\u00e9l\u00e9gation g\u00e9n\u00e9rale \u00e0 la solidarit\u00e9 nationale et \u00e0 la lutte contre l\u2019exclusion Taazour, s\u2019ouvre une nouvelle phase avec l\u2019expansion et le renforcement de tous les aspects de la protection sociale adaptative, l\u2019investissement sur les g\u00e9n\u00e9rations futures et l\u2019impact direct sur les populations.<\/p>\n<p>Une sensibilisation pour modifier les comportements et briser le cycle de la pauvret\u00e9 interg\u00e9n\u00e9rationnelle a \u00e9t\u00e9 mise en place, comme en t\u00e9moigne Henniya : \u00ab Nous avons particip\u00e9 \u00e0 des s\u00e9ances d&#8217;information o\u00f9 nous avons re\u00e7u des conseils sur l&#8217;hygi\u00e8ne, la sant\u00e9, la nutrition et l&#8217;\u00e9ducation de nos enfants. En mettant ces conseils en pratique, j&#8217;ai remarqu\u00e9 que mes enfants, qui tombaient souvent malades auparavant, sont en meilleure sant\u00e9. Je me suis aussi investie dans l&#8217;\u00e9ducation de mes enfants, ils sont tous \u00e0 l&#8217;\u00e9cole aujourd&#8217;hui \u00bb.<\/p>\n<p>Plus de 90 % des r\u00e9cipiendaires des transferts mon\u00e9taires sont des femmes cheffes de famille auxquelles le projet permet aussi l\u2019acc\u00e8s aux cr\u00e9dits et aux soins de sant\u00e9 : \u00ab En tant que b\u00e9n\u00e9ficiaires de Tekavoul, nous avons gagn\u00e9 en cr\u00e9dibilit\u00e9 aupr\u00e8s des commer\u00e7ants qui nous font cr\u00e9dit pour nos besoins urgents, et nous b\u00e9n\u00e9ficions de l\u2019assurance maladie, la CNAM, qui nous permet aujourd\u2019hui avec nos enfants de nous soigner gratuitement. \u00bb<\/p>\n<p>Les jeunes sont aussi une des priorit\u00e9s de renforcement du capital humain pour les prochaines g\u00e9n\u00e9rations. Lanc\u00e9 en 2021 parall\u00e8lement au Projet d\u2019appui au syst\u00e8me des filets sociaux, le Projet d\u2019employabilit\u00e9 des jeunes (PEJ) en a form\u00e9 plus de 12 000, dont 70% de femmes, ainsi qu\u2019environ 1 000 jeunes en formation technique, de gestion ou encore en attente de bourse.<\/p>\n<p>L\u2019engagement de la Mauritanie et l\u2019expansion du programme<br \/>\nL\u2019engagement soutenu de la Mauritanie se traduit par une expansion significative de l\u2019impact du programme et de ses r\u00e9sultats. En effet, le nombre de m\u00e9nages b\u00e9n\u00e9ficiaires a plus que doubl\u00e9 depuis 2020, passant de 47 000 \u00e0 plus de 100 000 m\u00e9nages b\u00e9n\u00e9ficiaires en 2024, auxquels s\u2019ajoutent 42 000 m\u00e9nages suppl\u00e9mentaires avec l\u2019entr\u00e9e en cours de projet de Nouakchott.<\/p>\n<p>Cette impulsion est \u00e9galement visible dans l&#8217;augmentation des montants trimestriels allou\u00e9s qui sont pass\u00e9s de 1 500 MRU (37 dollars) en 2015 \u00e0 3 600 MRU (90 dollars) aujourd&#8217;hui, couvrant plus de 80 % des co\u00fbts des transferts, financ\u00e9s enti\u00e8rement par le gouvernement.<\/p>\n<p>La Mauritanie a aussi renforc\u00e9 ses mesures de r\u00e9ponse aux crises pour soutenir les m\u00e9nages les plus vuln\u00e9rables lors des p\u00e9riodes difficiles de s\u00e9cheresses et d\u2019inondations. Entre 2017 et 2023, plus de 131 000 m\u00e9nages, soit environ 814 000 individus, ont b\u00e9n\u00e9fici\u00e9 du programme Elmaouna.<\/p>\n<p>Enfin, 24 000 m\u00e9nages ont re\u00e7u une assistance dans le cadre du pilote Tekavoul Choc.<\/p>\n<p>Le programme Elmaouna a \u00e9galement \u00e9t\u00e9 \u00e9tendu \u00e0 7 282 m\u00e9nages de r\u00e9fugi\u00e9s du camp de M\u2019berra, offrant ainsi un filet de s\u00e9curit\u00e9 crucial a plus de 40 192 personnes, comme en t\u00e9moigne Fatma walet Elmehdi, refugi\u00e9e du camp et b\u00e9n\u00e9ficiaire : \u00ab A travers le cash transfert trimestriel sur lequel on peut compter, nous avons maintenant un montant fixe qui peut nous aider dans la vie du m\u00e9nage, dans nos d\u00e9penses quotidiennes mais aussi pour soutenir nos propres initiatives. \u00bb https:\/\/reliefweb.int\/report\/mauritania\/transformer-des-vies-en-mauritanie-grace-la-protection-sociale-adaptative<\/li>\n<\/ul>\n","protected":false},"excerpt":{"rendered":"<p>LES POINTS MARQUANTS Avec pr\u00e8s de 30% de la population vivant sous le seuil de pauvret\u00e9, la Mauritanie s\u2019engage aujourd\u2019hui dans la promotion de la protection sociale comme solution aux d\u00e9fis socio-\u00e9conomiques auxquels est confront\u00e9 le pays. Plus de 200 000 m\u00e9nages pauvres inscrits sur la base de donn\u00e9es du Registre social b\u00e9n\u00e9ficient du Programme &hellip;<\/p>\n","protected":false},"author":2,"featured_media":11229,"comment_status":"open","ping_status":"open","sticky":false,"template":"","format":"standard","meta":{"footnotes":""},"categories":[18,2],"tags":[],"class_list":["post-11228","post","type-post","status-publish","format-standard","has-post-thumbnail","hentry","category-actualites","category-economie"],"_links":{"self":[{"href":"https:\/\/ladepeche.mr\/index.php?rest_route=\/wp\/v2\/posts\/11228","targetHints":{"allow":["GET"]}}],"collection":[{"href":"https:\/\/ladepeche.mr\/index.php?rest_route=\/wp\/v2\/posts"}],"about":[{"href":"https:\/\/ladepeche.mr\/index.php?rest_route=\/wp\/v2\/types\/post"}],"author":[{"embeddable":true,"href":"https:\/\/ladepeche.mr\/index.php?rest_route=\/wp\/v2\/users\/2"}],"replies":[{"embeddable":true,"href":"https:\/\/ladepeche.mr\/index.php?rest_route=%2Fwp%2Fv2%2Fcomments&post=11228"}],"version-history":[{"count":1,"href":"https:\/\/ladepeche.mr\/index.php?rest_route=\/wp\/v2\/posts\/11228\/revisions"}],"predecessor-version":[{"id":11230,"href":"https:\/\/ladepeche.mr\/index.php?rest_route=\/wp\/v2\/posts\/11228\/revisions\/11230"}],"wp:featuredmedia":[{"embeddable":true,"href":"https:\/\/ladepeche.mr\/index.php?rest_route=\/wp\/v2\/media\/11229"}],"wp:attachment":[{"href":"https:\/\/ladepeche.mr\/index.php?rest_route=%2Fwp%2Fv2%2Fmedia&parent=11228"}],"wp:term":[{"taxonomy":"category","embeddable":true,"href":"https:\/\/ladepeche.mr\/index.php?rest_route=%2Fwp%2Fv2%2Fcategories&post=11228"},{"taxonomy":"post_tag","embeddable":true,"href":"https:\/\/ladepeche.mr\/index.php?rest_route=%2Fwp%2Fv2%2Ftags&post=11228"}],"curies":[{"name":"wp","href":"https:\/\/api.w.org\/{rel}","templated":true}]}}