{"id":11231,"date":"2024-09-05T19:00:08","date_gmt":"2024-09-05T19:00:08","guid":{"rendered":"https:\/\/ladepeche.mr\/?p=11231"},"modified":"2024-09-05T18:32:23","modified_gmt":"2024-09-05T18:32:23","slug":"pour-eviter-la-perte-de-40-des-recoltes-le-ministere-de-lagriculture-deploie-un-commando-contre-les-ennemis-de-culture","status":"publish","type":"post","link":"https:\/\/ladepeche.mr\/?p=11231","title":{"rendered":"Pour \u00e9viter la perte de 40% des r\u00e9coltes\u00a0: Le minist\u00e8re de l\u2019agriculture d\u00e9ploie un \u00ab\u00a0commando\u00a0\u00bb contre les ennemis de culture"},"content":{"rendered":"<p>Le minist\u00e8re de l\u2019agriculture et de la souverainet\u00e9 alimentaire a d\u00e9ploy\u00e9, par anticipation, d\u2019importants moyens terrestres et a\u00e9riens, pour parer \u00e0 toute menace des ennemis de culture qui, selon la FAO, sont responsables, chaque ann\u00e9e, d\u2019une perte de production estim\u00e9e \u00e0 40%.<\/p>\n<p>La force de frappe du minist\u00e8re, en plus de la proactivit\u00e9, est form\u00e9e de 12 \u00e9quipes terrestres appuy\u00e9es par deux \u00e9quipes a\u00e9riennes dot\u00e9es de drones dans les zones de production agricole et pastorale. Ces \u00e9quipes vont s\u00e9journer et traquer pendant 5 mois les insectes et autres ennemis des cultures dans les r\u00e9gions agricoles et pastorales. Leurs actions seront men\u00e9es en coordination et en consultation avec les agriculteurs sur place.<\/p>\n<p>Mais ces \u00e9quipes pourraient aussi renforc\u00e9es, chaque fois que de besoin, pr\u00e9cise le directeur de la protection des v\u00e9g\u00e9taux \u00a0\u00ab\u00a0afin de prot\u00e9ger les p\u00e9rim\u00e8tres agricoles\u00a0\u00bb en droite ligne de la recherche de l\u2019autosuffisance en c\u00e9r\u00e9ales et l\u00e9gumes comme pr\u00e9vu dans les cibles de la strat\u00e9gie sectorielle.<\/p>\n<p>De bons r\u00e9sultats auraient \u00e9t\u00e9 enregistr\u00e9s lors d\u2019actions proactives initi\u00e9es pendant la campagne de riziculture d\u2019\u00e9t\u00e9, o\u00f9 \u00ab\u00a06 000 hectares de riz et 8 000 hectares de l\u00e9gumes ont \u00e9t\u00e9 prot\u00e9g\u00e9s, ce qui a eu un impact positif sur l\u2019augmentation de la production nationale de ces produits\u00a0\u00bb assur\u00e9 le directeur de la protection des v\u00e9g\u00e9taux au minist\u00e8re de l\u2019agriculture et de la souverainet\u00e9 alimentaire interrog\u00e9 par nos confr\u00e8res de l\u2019AMI.<\/p>\n","protected":false},"excerpt":{"rendered":"<p>Le minist\u00e8re de l\u2019agriculture et de la souverainet\u00e9 alimentaire a d\u00e9ploy\u00e9, par anticipation, d\u2019importants moyens terrestres et a\u00e9riens, pour parer \u00e0 toute menace des ennemis de culture qui, selon la FAO, sont responsables, chaque ann\u00e9e, d\u2019une perte de production estim\u00e9e \u00e0 40%. La force de frappe du minist\u00e8re, en plus de la proactivit\u00e9, est form\u00e9e &hellip;<\/p>\n","protected":false},"author":2,"featured_media":11232,"comment_status":"open","ping_status":"open","sticky":false,"template":"","format":"standard","meta":{"footnotes":""},"categories":[18,2],"tags":[],"class_list":["post-11231","post","type-post","status-publish","format-standard","has-post-thumbnail","hentry","category-actualites","category-economie"],"_links":{"self":[{"href":"https:\/\/ladepeche.mr\/index.php?rest_route=\/wp\/v2\/posts\/11231","targetHints":{"allow":["GET"]}}],"collection":[{"href":"https:\/\/ladepeche.mr\/index.php?rest_route=\/wp\/v2\/posts"}],"about":[{"href":"https:\/\/ladepeche.mr\/index.php?rest_route=\/wp\/v2\/types\/post"}],"author":[{"embeddable":true,"href":"https:\/\/ladepeche.mr\/index.php?rest_route=\/wp\/v2\/users\/2"}],"replies":[{"embeddable":true,"href":"https:\/\/ladepeche.mr\/index.php?rest_route=%2Fwp%2Fv2%2Fcomments&post=11231"}],"version-history":[{"count":1,"href":"https:\/\/ladepeche.mr\/index.php?rest_route=\/wp\/v2\/posts\/11231\/revisions"}],"predecessor-version":[{"id":11233,"href":"https:\/\/ladepeche.mr\/index.php?rest_route=\/wp\/v2\/posts\/11231\/revisions\/11233"}],"wp:featuredmedia":[{"embeddable":true,"href":"https:\/\/ladepeche.mr\/index.php?rest_route=\/wp\/v2\/media\/11232"}],"wp:attachment":[{"href":"https:\/\/ladepeche.mr\/index.php?rest_route=%2Fwp%2Fv2%2Fmedia&parent=11231"}],"wp:term":[{"taxonomy":"category","embeddable":true,"href":"https:\/\/ladepeche.mr\/index.php?rest_route=%2Fwp%2Fv2%2Fcategories&post=11231"},{"taxonomy":"post_tag","embeddable":true,"href":"https:\/\/ladepeche.mr\/index.php?rest_route=%2Fwp%2Fv2%2Ftags&post=11231"}],"curies":[{"name":"wp","href":"https:\/\/api.w.org\/{rel}","templated":true}]}}