{"id":11237,"date":"2024-09-06T11:56:02","date_gmt":"2024-09-06T11:56:02","guid":{"rendered":"https:\/\/ladepeche.mr\/?p=11237"},"modified":"2024-09-06T11:56:02","modified_gmt":"2024-09-06T11:56:02","slug":"la-police-annonce-larrestation-du-meurtrier-de-lenfant-sidi-ould-lemghambej-a-dar-naim","status":"publish","type":"post","link":"https:\/\/ladepeche.mr\/?p=11237","title":{"rendered":"La police annonce l\u2019arrestation du meurtrier de l&#8217;enfant Sidi Ould Lemghambej \u00e0 Dar Naim"},"content":{"rendered":"<p>La Police Nationale a annonc\u00e9 ce jeudi 5 septembre courant l&#8217;identification du suspect dans le meurtre de l&#8217;enfant, Sidi Ould Mohamed Ould Lemgambej, et son arrestation dans le quartier o\u00f9 il r\u00e9side relevant de la moughataa de Dar Naim dans la wilaya de Nouakchott Nord.<\/p>\n<p>Suite \u00e0 l&#8217;enqu\u00eate diligent\u00e9e sur les circonstances du d\u00e9c\u00e8s de l&#8217;enfant, retrouv\u00e9 noy\u00e9 dans une mare d&#8217;eau \u00e0 l&#8217;int\u00e9rieur d&#8217;une maison en construction \u00e0 l\u2019ancien A\u00e9roport de Nouakchott \u00e0 Dar Al-Naim, une commission d&#8217;enqu\u00eate a \u00e9t\u00e9 constitu\u00e9e le week-end dernier, a indiqu\u00e9 la police dans un communiqu\u00e9 publi\u00e9 sur sa page Facebook.<\/p>\n<p>L\u2019examen des cam\u00e9ras de surveillance et les recherches men\u00e9es ont permis de d\u00e9terminer l&#8217;identit\u00e9 du suspect, connu dans les milieux criminels sous le nom de \u00ab Kenko, indique le communiqu\u00e9 pr\u00e9cit\u00e9.<\/p>\n<p>Le suspect a reconnu avoir emmen\u00e9 l&#8217;enfant victime dans la maison susmentionn\u00e9e et de l&#8217;avoir agress\u00e9 avant de le laisser noy\u00e9 dans la mare.<\/p>\n<p>Le suspect sera d\u00e9f\u00e9r\u00e9 au parquet d\u00e8s la fin de la proc\u00e9dure d&#8217;enqu\u00eate, indique-t-on.<\/p>\n<p>rimnow.com<\/p>\n","protected":false},"excerpt":{"rendered":"<p>La Police Nationale a annonc\u00e9 ce jeudi 5 septembre courant l&#8217;identification du suspect dans le meurtre de l&#8217;enfant, Sidi Ould Mohamed Ould Lemgambej, et son arrestation dans le quartier o\u00f9 il r\u00e9side relevant de la moughataa de Dar Naim dans la wilaya de Nouakchott Nord. Suite \u00e0 l&#8217;enqu\u00eate diligent\u00e9e sur les circonstances du d\u00e9c\u00e8s de &hellip;<\/p>\n","protected":false},"author":2,"featured_media":11238,"comment_status":"open","ping_status":"open","sticky":false,"template":"","format":"standard","meta":{"footnotes":""},"categories":[18],"tags":[],"class_list":["post-11237","post","type-post","status-publish","format-standard","has-post-thumbnail","hentry","category-actualites"],"_links":{"self":[{"href":"https:\/\/ladepeche.mr\/index.php?rest_route=\/wp\/v2\/posts\/11237","targetHints":{"allow":["GET"]}}],"collection":[{"href":"https:\/\/ladepeche.mr\/index.php?rest_route=\/wp\/v2\/posts"}],"about":[{"href":"https:\/\/ladepeche.mr\/index.php?rest_route=\/wp\/v2\/types\/post"}],"author":[{"embeddable":true,"href":"https:\/\/ladepeche.mr\/index.php?rest_route=\/wp\/v2\/users\/2"}],"replies":[{"embeddable":true,"href":"https:\/\/ladepeche.mr\/index.php?rest_route=%2Fwp%2Fv2%2Fcomments&post=11237"}],"version-history":[{"count":1,"href":"https:\/\/ladepeche.mr\/index.php?rest_route=\/wp\/v2\/posts\/11237\/revisions"}],"predecessor-version":[{"id":11239,"href":"https:\/\/ladepeche.mr\/index.php?rest_route=\/wp\/v2\/posts\/11237\/revisions\/11239"}],"wp:featuredmedia":[{"embeddable":true,"href":"https:\/\/ladepeche.mr\/index.php?rest_route=\/wp\/v2\/media\/11238"}],"wp:attachment":[{"href":"https:\/\/ladepeche.mr\/index.php?rest_route=%2Fwp%2Fv2%2Fmedia&parent=11237"}],"wp:term":[{"taxonomy":"category","embeddable":true,"href":"https:\/\/ladepeche.mr\/index.php?rest_route=%2Fwp%2Fv2%2Fcategories&post=11237"},{"taxonomy":"post_tag","embeddable":true,"href":"https:\/\/ladepeche.mr\/index.php?rest_route=%2Fwp%2Fv2%2Ftags&post=11237"}],"curies":[{"name":"wp","href":"https:\/\/api.w.org\/{rel}","templated":true}]}}