{"id":1124,"date":"2022-07-20T22:11:16","date_gmt":"2022-07-20T22:11:16","guid":{"rendered":"https:\/\/ladepeche.mr\/?p=1124"},"modified":"2022-07-20T22:11:16","modified_gmt":"2022-07-20T22:11:16","slug":"cfcd-declaration-sur-la-situation-actuelle-du-pays-et-la-necessite-dun-consensus-national-solide-sur-les-grandes-questions","status":"publish","type":"post","link":"https:\/\/ladepeche.mr\/?p=1124","title":{"rendered":"CFCD : D\u00e9claration sur la situation actuelle du pays et la n\u00e9cessit\u00e9 d&#8217;un\u00a0\u00a0consensus national solide sur les grandes questions"},"content":{"rendered":"<p>Notre pays traverse actuellement une crise profonde et multiforme, morale, sociale, politique et \u00e9conomique, accentu\u00e9e par une s\u00e9cheresse devenue chronique et marqu\u00e9e par des appels lanc\u00e9s, ici et l\u00e0, par les chantres de la division qui y trouvent une occasion r\u00eav\u00e9e pour assouvir leurs desseins inavou\u00e9s, tout en soutenant qu&#8217;il est d\u00e9sormais impossible de rompre \u00a0avec le mode de gouvernance pass\u00e9 sans recours \u00e0 la violence, pour \u00a0 apporter des solutions ad\u00e9quates aux probl\u00e8mes nationaux\u2026<\/p>\n<p>Cette crise s\u2019amplifie jour apr\u00e8s jour, au moment o\u00f9 le pays se trouve au c\u0153ur d&#8217;une r\u00e9gion \u00a0en pleine tourmente, du fait de la situation de guerre qui embrase, depuis plus d\u2019une d\u00e9cennie, le Sahel et des \u00a0tensions persistantes \u00e0 notre fronti\u00e8re Nord. A cela s\u2019ajoute une situation internationale marqu\u00e9e par des risques d&#8217;un conflit \u00e0 dimension mondiale entre grandes puissances.<\/p>\n<p>La rupture unilat\u00e9rale du dialogue national, d\u00e9cid\u00e9e par le Gouvernement, \u00e0 la veille de l&#8217;ouverture de ses ateliers, et la r\u00e9cente hausse brutale du prix des hydrocarbures n\u2019ont fait que raviver cette crise, provoquant un profond malaise au sein de la population qui voit l\u2019espoir de lendemains meilleurs s\u2019\u00e9loigner encore davantage et constate, avec amertume, la d\u00e9t\u00e9rioration continue de ses conditions de vie\u2026<\/p>\n<p><u>Consciente de la gravite de la situation que traverse le pays, notre Coalition<\/u> :<\/p>\n<ul>\n<li>r\u00e9it\u00e8re sa ferme conviction que seule une politique d&#8217;apaisement et\u00a0de dialogue national sinc\u00e8re permettra l\u2019\u00e9dification d\u2019un front int\u00e9rieur solide, b\u00e2ti sur un large consensus national autour de solutions justes et durables aux questions nationales fondamentales et pourrait pr\u00e9munir le pays contre les dangers qui le guettent ;<\/li>\n<\/ul>\n<p>&nbsp;<\/p>\n<ul>\n<li>appelle le peuple mauritanien \u00e0 se mobiliser, pacifiquement, pour la d\u00e9fense de \u00a0ses droits \u00e9conomiques et sociaux , et la protection de son unit\u00e9 nationale et sa coh\u00e9sion sociale, \u00a0sur la base de l&#8217;\u00e9galit\u00e9 et \u00a0pour faire face au discours de haine et de division et \u00e0 \u0153uvrer, sans rel\u00e2che, pour l\u2019av\u00e8nement d\u2019une Mauritanie unie, d\u00e9mocratique, juste et prosp\u00e8re ;<\/li>\n<\/ul>\n<p>&nbsp;<\/p>\n<ul>\n<li>exhorte le gouvernement \u00e0 faire face, de toute urgence, \u00e0 la crise \u00e9conomique et sociale sous laquelle croulent de larges couches de notre peuple.<\/li>\n<\/ul>\n<p>&nbsp;<\/p>\n<p>Nouakchott, le 20 Dhou Al Hijja 1443 \u2013 20 Juillet 2022<\/p>\n<p><strong><u>Les Partis de la Coalition des Forces du Changement D\u00e9mocratique<\/u><\/strong><\/p>\n<p>&nbsp;<\/p>\n<p><strong>RFD\u00a0\u00a0\u00a0\u00a0\u00a0\u00a0\u00a0\u00a0\u00a0\u00a0\u00a0\u00a0\u00a0\u00a0\u00a0\u00a0\u00a0\u00a0\u00a0\u00a0\u00a0\u00a0\u00a0\u00a0\u00a0\u00a0\u00a0\u00a0\u00a0 \u00a0\u00a0\u00a0\u00a0\u00a0\u00a0\u00a0\u00a0\u00a0\u00a0\u00a0\u00a0\u00a0\u00a0\u00a0\u00a0\u00a0\u00a0\u00a0\u00a0\u00a0\u00a0 \u00a0\u00a0\u00a0\u00a0 <\/strong><\/p>\n<p><strong>UFP\u00a0\u00a0\u00a0\u00a0\u00a0\u00a0\u00a0\u00a0\u00a0\u00a0\u00a0 \u00a0\u00a0\u00a0\u00a0\u00a0\u00a0\u00a0\u00a0\u00a0\u00a0\u00a0\u00a0\u00a0\u00a0\u00a0\u00a0\u00a0\u00a0\u00a0\u00a0\u00a0\u00a0\u00a0\u00a0\u00a0\u00a0\u00a0\u00a0\u00a0\u00a0\u00a0\u00a0\u00a0\u00a0\u00a0\u00a0\u00a0\u00a0\u00a0\u00a0 <\/strong><\/p>\n<p><strong>UNAD<\/strong><\/p>\n<p>&nbsp;<\/p>\n","protected":false},"excerpt":{"rendered":"<p>Notre pays traverse actuellement une crise profonde et multiforme, morale, sociale, politique et \u00e9conomique, accentu\u00e9e par une s\u00e9cheresse devenue chronique et marqu\u00e9e par des appels lanc\u00e9s, ici et l\u00e0, par les chantres de la division qui y trouvent une occasion r\u00eav\u00e9e pour assouvir leurs desseins inavou\u00e9s, tout en soutenant qu&#8217;il est d\u00e9sormais impossible de rompre &hellip;<\/p>\n","protected":false},"author":2,"featured_media":0,"comment_status":"open","ping_status":"open","sticky":false,"template":"","format":"standard","meta":{"footnotes":""},"categories":[18],"tags":[],"class_list":["post-1124","post","type-post","status-publish","format-standard","hentry","category-actualites"],"_links":{"self":[{"href":"https:\/\/ladepeche.mr\/index.php?rest_route=\/wp\/v2\/posts\/1124","targetHints":{"allow":["GET"]}}],"collection":[{"href":"https:\/\/ladepeche.mr\/index.php?rest_route=\/wp\/v2\/posts"}],"about":[{"href":"https:\/\/ladepeche.mr\/index.php?rest_route=\/wp\/v2\/types\/post"}],"author":[{"embeddable":true,"href":"https:\/\/ladepeche.mr\/index.php?rest_route=\/wp\/v2\/users\/2"}],"replies":[{"embeddable":true,"href":"https:\/\/ladepeche.mr\/index.php?rest_route=%2Fwp%2Fv2%2Fcomments&post=1124"}],"version-history":[{"count":1,"href":"https:\/\/ladepeche.mr\/index.php?rest_route=\/wp\/v2\/posts\/1124\/revisions"}],"predecessor-version":[{"id":1125,"href":"https:\/\/ladepeche.mr\/index.php?rest_route=\/wp\/v2\/posts\/1124\/revisions\/1125"}],"wp:attachment":[{"href":"https:\/\/ladepeche.mr\/index.php?rest_route=%2Fwp%2Fv2%2Fmedia&parent=1124"}],"wp:term":[{"taxonomy":"category","embeddable":true,"href":"https:\/\/ladepeche.mr\/index.php?rest_route=%2Fwp%2Fv2%2Fcategories&post=1124"},{"taxonomy":"post_tag","embeddable":true,"href":"https:\/\/ladepeche.mr\/index.php?rest_route=%2Fwp%2Fv2%2Ftags&post=1124"}],"curies":[{"name":"wp","href":"https:\/\/api.w.org\/{rel}","templated":true}]}}