{"id":11240,"date":"2024-09-06T12:16:33","date_gmt":"2024-09-06T12:16:33","guid":{"rendered":"https:\/\/ladepeche.mr\/?p=11240"},"modified":"2024-09-06T12:16:33","modified_gmt":"2024-09-06T12:16:33","slug":"en-algerie-tebboune-le-grand-favori-de-la-presidentielle","status":"publish","type":"post","link":"https:\/\/ladepeche.mr\/?p=11240","title":{"rendered":"En Alg\u00e9rie, Tebboune le grand favori de la pr\u00e9sidentielle"},"content":{"rendered":"<div class=\"intro intro--bold\">\n<p>Environ 24 millions d&#8217;\u00e9lecteurs alg\u00e9riens sont appel\u00e9s \u00e0 voter samedi \u00e0 la pr\u00e9sidentielle sans v\u00e9ritables enjeux, le chef de l&#8217;Etat sortant, Abdelmadjid Tebboune, \u00e9tant consid\u00e9r\u00e9 comme largement favori \u00e0 sa propre succession.<\/p>\n<\/div>\n<div id=\"article-content\" class=\"content-floated-wrap fb-quotable\">\n<div class=\"wsw\">\n<p>Seule inconnue: le taux de participation. L&#8217;abstention avait battu des records (60%) lors de la pr\u00e9sidentielle remport\u00e9e en 2019 par M. Tebboune avec 58% des suffrages. Le scrutin s&#8217;\u00e9tait tenu pendant les manifestations massives prod\u00e9mocratie du Hirak.<\/p>\n<p><em>&#8220;Le pr\u00e9sident tient \u00e0 une participation importante. C&#8217;est le premier enjeu. Il n&#8217;a pas oubli\u00e9 qu&#8217;il a \u00e9t\u00e9 \u00e9lu en 2019 avec un taux faible. Il veut \u00eatre un pr\u00e9sident normal, pas un pr\u00e9sident mal \u00e9lu&#8221;<\/em>, souligne \u00e0 l&#8217;AFP Hasni Abidi du Centre d&#8217;\u00e9tudes Cermam \u00e0 Gen\u00e8ve. Alors que son mandat devait s&#8217;achever en d\u00e9cembre, M. Tebboune avait annonc\u00e9 en mars la tenue d&#8217;une \u00e9lection pr\u00e9sidentielle anticip\u00e9e le 7 septembre.<\/p>\n<p>Trois candidats sont en lice pour diriger le pays de 45 millions d&#8217;habitants, premier exportateur de gaz naturel d&#8217;Afrique et le plus vaste du continent. M. Tebboune, 78 ans, part grand favori car il est soutenu par quatre formations de premier plan qui ont scell\u00e9 une alliance, parmi lesquelles l&#8217;ancien parti unique FLN (Front de lib\u00e9ration nationale) et le mouvement islamiste El Bina, arriv\u00e9 deuxi\u00e8me \u00e0 la pr\u00e9sidentielle de 2019.<\/p>\n<h2 class=\"wsw__h2\">Vote \u00e0 l&#8217;\u00e9tranger<\/h2>\n<p>Le deuxi\u00e8me concurrent, Abdelaali Hassani, un ing\u00e9nieur des travaux publics de 57 ans, est le pr\u00e9sident du principal parti islamiste, le Mouvement de la soci\u00e9t\u00e9 pour la paix (MSP), qui avait refus\u00e9 de participer au scrutin de 2019. Le troisi\u00e8me, Youssef Aouchiche, ancien journaliste et d\u00e9put\u00e9 de 41 ans, est depuis 2020 le chef du Front des forces socialistes (FFS), un parti d&#8217;opposition historique, ancr\u00e9 en Kabylie (centre-est) qui boycottait les \u00e9lections depuis 1999.<\/p>\n<p>Les Alg\u00e9riens \u00e9tablis \u00e0 l&#8217;\u00e9tranger, 865.490 \u00e9lecteurs selon l&#8217;Autorit\u00e9 nationale ind\u00e9pendante des \u00e9lections (Anie), ont commenc\u00e9 \u00e0 voter lundi. Des bureaux itin\u00e9rants sillonnent aussi des zones \u00e9loign\u00e9es en Alg\u00e9rie \u00e0 la rencontre des \u00e9lecteurs. Une p\u00e9riode de silence \u00e9lectoral est observ\u00e9e depuis mardi apr\u00e8s une campagne qui s&#8217;est inhabituellement tenue en plein \u00e9t\u00e9, sous une forte canicule, r\u00e9duisant encore davantage la pr\u00e9sence des citoyens aux meetings.<\/p>\n<p>Les trois candidats ont ax\u00e9 leurs discours sur les questions socio-\u00e9conomiques, promettant d&#8217;am\u00e9liorer le pouvoir d&#8217;achat et de redresser l&#8217;\u00e9conomie, afin qu&#8217;elle soit moins d\u00e9pendante des hydrocarbures (95% des recettes en devises). En politique internationale, un consensus r\u00e8gne sur les causes palestinienne et sahraouie, d\u00e9fendues par tous les pr\u00e9tendants.<\/p>\n<p>M. Tebboune affirme vouloir lors d&#8217;un deuxi\u00e8me mandat parachever son projet d&#8217;<em>&#8220;Alg\u00e9rie nouvelle&#8221;<\/em>, estimant que son premier quinquennat a \u00e9t\u00e9 amput\u00e9 de deux ans, du fait de\u00a0<em>&#8220;la guerre contre le Covid-19 et la corruption&#8221;<\/em>\u00a0de son pr\u00e9d\u00e9cesseur. Lors d&#8217;un dernier meeting de campagne mardi \u00e0 Alger, il a promis plus d&#8217;investissements et d&#8217;emplois, pour faire de l&#8217;Alg\u00e9rie\u00a0<em>&#8220;la deuxi\u00e8me \u00e9conomie en Afrique&#8221;<\/em>, derri\u00e8re l&#8217;Afrique du sud.<\/p>\n<h2 class=\"wsw__h2\">Davantage de libert\u00e9s<\/h2>\n<p>Ses adversaires promettent davantage de libert\u00e9s s&#8217;ils sont \u00e9lus. Le candidat du FFS s&#8217;est engag\u00e9 \u00e0\u00a0<em>&#8220;lib\u00e9rer les prisonniers d&#8217;opinion par le biais d&#8217;une amnistie et \u00e0 r\u00e9examiner les lois injustes (sur le terrorisme ou les m\u00e9dias, ndlr)&#8221;<\/em>\u00a0vot\u00e9es ces derni\u00e8res ann\u00e9es. Celui du MSP pr\u00f4ne<em>\u00a0&#8220;le respect des libert\u00e9s r\u00e9duites \u00e0 n\u00e9ant ces derni\u00e8res ann\u00e9es&#8221;<\/em>\u00a0apr\u00e8s l&#8217;extinction du Hirak.<\/p>\n<p>Selon M. Abidi,\u00a0<em>&#8220;le pr\u00e9sident Tebboune est attendu sur le grand d\u00e9ficit (existant) en mati\u00e8re de libert\u00e9s politiques et m\u00e9diatiques&#8221;<\/em>, qui a provoqu\u00e9\u00a0<em>&#8220;un divorce des Alg\u00e9riens avec la politique&#8221;. &#8220;Ces derni\u00e8res ann\u00e9es, l&#8217;Alg\u00e9rie a connu une \u00e9rosion continue des droits humains. Il est alarmant de constater que la situation reste sombre \u00e0 l&#8217;approche des \u00e9lections&#8221;<\/em>, a d\u00e9plor\u00e9 cette semaine l&#8217;ONG Amnesty International.<\/p>\n<p>Parmi les habitants, les attentes sont mitig\u00e9es. Certains esp\u00e8rent une am\u00e9lioration du pouvoir d&#8217;achat alors que la rentr\u00e9e scolaire approche quand d&#8217;autres, d\u00e9sabus\u00e9s, sont indiff\u00e9rents aux joutes \u00e9lectorales. C&#8217;est le cas de Mohamed, 22 ans, qui n&#8217;a pas voulu dire son nom \u00e0 l&#8217;AFP:\u00a0<em>&#8220;franchement, tout ce que je veux, c&#8217;est partir ailleurs. D\u00e8s que j&#8217;ai assez d&#8217;argent pour payer un passeur, je quitte le pays&#8221;.<\/em><\/p>\n<p>D&#8217;autres, surtout les plus \u00e2g\u00e9s, se rendront aux urnes. Comme Ali, 60 ans, un retrait\u00e9 qui a\u00a0<em>&#8220;toujours vot\u00e9&#8221;. &#8220;J&#8217;esp\u00e8re que la situation \u00e9conomique s&#8217;am\u00e9liorera et que la stabilit\u00e9 demeurera dans le pays&#8221;.\u00a0<\/em>A\u00efcha, 30 ans, h\u00e9site encore:\u00a0<em>&#8220;Je d\u00e9ciderai le jour J. Je sais qu&#8217;il faut voter mais les politiques ne se souviennent des femmes qu&#8217;en p\u00e9riode d&#8217;\u00e9lections (&#8230;). Apr\u00e8s, on les oublie jusqu&#8217;au prochain scrutin&#8221;.<\/em><\/p>\n<p>https:\/\/www.voaafrique.com\/<\/p>\n<\/div>\n<\/div>\n","protected":false},"excerpt":{"rendered":"<p>Environ 24 millions d&#8217;\u00e9lecteurs alg\u00e9riens sont appel\u00e9s \u00e0 voter samedi \u00e0 la pr\u00e9sidentielle sans v\u00e9ritables enjeux, le chef de l&#8217;Etat sortant, Abdelmadjid Tebboune, \u00e9tant consid\u00e9r\u00e9 comme largement favori \u00e0 sa propre succession. Seule inconnue: le taux de participation. L&#8217;abstention avait battu des records (60%) lors de la pr\u00e9sidentielle remport\u00e9e en 2019 par M. Tebboune avec &hellip;<\/p>\n","protected":false},"author":2,"featured_media":11241,"comment_status":"open","ping_status":"open","sticky":false,"template":"","format":"standard","meta":{"footnotes":""},"categories":[18,29],"tags":[],"class_list":["post-11240","post","type-post","status-publish","format-standard","has-post-thumbnail","hentry","category-actualites","category-monde"],"_links":{"self":[{"href":"https:\/\/ladepeche.mr\/index.php?rest_route=\/wp\/v2\/posts\/11240","targetHints":{"allow":["GET"]}}],"collection":[{"href":"https:\/\/ladepeche.mr\/index.php?rest_route=\/wp\/v2\/posts"}],"about":[{"href":"https:\/\/ladepeche.mr\/index.php?rest_route=\/wp\/v2\/types\/post"}],"author":[{"embeddable":true,"href":"https:\/\/ladepeche.mr\/index.php?rest_route=\/wp\/v2\/users\/2"}],"replies":[{"embeddable":true,"href":"https:\/\/ladepeche.mr\/index.php?rest_route=%2Fwp%2Fv2%2Fcomments&post=11240"}],"version-history":[{"count":1,"href":"https:\/\/ladepeche.mr\/index.php?rest_route=\/wp\/v2\/posts\/11240\/revisions"}],"predecessor-version":[{"id":11242,"href":"https:\/\/ladepeche.mr\/index.php?rest_route=\/wp\/v2\/posts\/11240\/revisions\/11242"}],"wp:featuredmedia":[{"embeddable":true,"href":"https:\/\/ladepeche.mr\/index.php?rest_route=\/wp\/v2\/media\/11241"}],"wp:attachment":[{"href":"https:\/\/ladepeche.mr\/index.php?rest_route=%2Fwp%2Fv2%2Fmedia&parent=11240"}],"wp:term":[{"taxonomy":"category","embeddable":true,"href":"https:\/\/ladepeche.mr\/index.php?rest_route=%2Fwp%2Fv2%2Fcategories&post=11240"},{"taxonomy":"post_tag","embeddable":true,"href":"https:\/\/ladepeche.mr\/index.php?rest_route=%2Fwp%2Fv2%2Ftags&post=11240"}],"curies":[{"name":"wp","href":"https:\/\/api.w.org\/{rel}","templated":true}]}}