{"id":11243,"date":"2024-09-06T13:00:24","date_gmt":"2024-09-06T13:00:24","guid":{"rendered":"https:\/\/ladepeche.mr\/?p=11243"},"modified":"2024-09-06T12:28:26","modified_gmt":"2024-09-06T12:28:26","slug":"le-premier-ministre-rencontre-des-representants-des-federations-du-commerce-et-de-lagriculture","status":"publish","type":"post","link":"https:\/\/ladepeche.mr\/?p=11243","title":{"rendered":"Le premier ministre rencontre des repr\u00e9sentants des f\u00e9d\u00e9rations du commerce et de l\u2019agriculture"},"content":{"rendered":"<p>Le Premier ministre, M. Mokhtar Ould Diay a rencontr\u00e9, hier, jeudi \u00e0 Nouakchott, les repr\u00e9sentants des f\u00e9d\u00e9rations du commerce et de l\u2019agriculture pour discuter des m\u00e9canismes qui permettront la mise en \u0153uvre de l\u2019accord conclu entre le minist\u00e8re du Commerce et du Tourisme et ces deux f\u00e9d\u00e9rations.<\/p>\n<p>Dans son intervntion, le Premier ministre a affirm\u00e9 que le gouvernement a not\u00e9 avec satisfaction l\u2019esprit de partenariat et de coop\u00e9ration qui a caract\u00e9ris\u00e9 les diff\u00e9rentes \u00e9tapes de la discussion qui a pr\u00e9c\u00e9d\u00e9 l\u2019accord, ajoutant que cette discussion a \u00e9t\u00e9 couronn\u00e9e par l\u2019annonce des prix des denr\u00e9es alimentaires de base telles que le bl\u00e9, le riz, l\u2019huile, le sucre et le lait concentr\u00e9.<\/p>\n<p>M. Mokhtar Ould Diaya soulign\u00e9 que la baisse des prix de ces denr\u00e9es \u00e0 des taux allant de 20% \u00e0 30% est un pas important dans la bonne direction, indiquant, par la m\u00eame occasion, que le gouvernement a mis en place des m\u00e9canismes pour le suivi et le contr\u00f4le strict de cet accord afin d\u2019assurer sa p\u00e9rennit\u00e9.<\/p>\n<p>De leur c\u00f4t\u00e9, les intervenants des deux f\u00e9d\u00e9rations ont confirm\u00e9 leur engagement pour l\u2019application de cet accord ainsi que leur volont\u00e9 de la poursuivre et de le soutenir.<\/p>\n<p>A l\u2019issue de la rencontre, le Premier ministre a exprim\u00e9 la volont\u00e9 du gouvernement d\u2019accompagner le secteur priv\u00e9 national et de soutenir le produit national \u00e0 travers la lev\u00e9e des obstacles qui emp\u00eachent son d\u00e9veloppement, et cela, a-t-il dit, conform\u00e9ment aux directives du Pr\u00e9sident de la R\u00e9publique, Son Excellence Monsieur Mohamed Ould Cheikh El Ghazouani, directives visant \u00e0 \u00e9tablir un partenariat efficace avec le secteur priv\u00e9 national.<\/p>\n<p>Ami<\/p>\n","protected":false},"excerpt":{"rendered":"<p>Le Premier ministre, M. Mokhtar Ould Diay a rencontr\u00e9, hier, jeudi \u00e0 Nouakchott, les repr\u00e9sentants des f\u00e9d\u00e9rations du commerce et de l\u2019agriculture pour discuter des m\u00e9canismes qui permettront la mise en \u0153uvre de l\u2019accord conclu entre le minist\u00e8re du Commerce et du Tourisme et ces deux f\u00e9d\u00e9rations. Dans son intervntion, le Premier ministre a affirm\u00e9 &hellip;<\/p>\n","protected":false},"author":2,"featured_media":11244,"comment_status":"open","ping_status":"open","sticky":false,"template":"","format":"standard","meta":{"footnotes":""},"categories":[18,2],"tags":[],"class_list":["post-11243","post","type-post","status-publish","format-standard","has-post-thumbnail","hentry","category-actualites","category-economie"],"_links":{"self":[{"href":"https:\/\/ladepeche.mr\/index.php?rest_route=\/wp\/v2\/posts\/11243","targetHints":{"allow":["GET"]}}],"collection":[{"href":"https:\/\/ladepeche.mr\/index.php?rest_route=\/wp\/v2\/posts"}],"about":[{"href":"https:\/\/ladepeche.mr\/index.php?rest_route=\/wp\/v2\/types\/post"}],"author":[{"embeddable":true,"href":"https:\/\/ladepeche.mr\/index.php?rest_route=\/wp\/v2\/users\/2"}],"replies":[{"embeddable":true,"href":"https:\/\/ladepeche.mr\/index.php?rest_route=%2Fwp%2Fv2%2Fcomments&post=11243"}],"version-history":[{"count":1,"href":"https:\/\/ladepeche.mr\/index.php?rest_route=\/wp\/v2\/posts\/11243\/revisions"}],"predecessor-version":[{"id":11245,"href":"https:\/\/ladepeche.mr\/index.php?rest_route=\/wp\/v2\/posts\/11243\/revisions\/11245"}],"wp:featuredmedia":[{"embeddable":true,"href":"https:\/\/ladepeche.mr\/index.php?rest_route=\/wp\/v2\/media\/11244"}],"wp:attachment":[{"href":"https:\/\/ladepeche.mr\/index.php?rest_route=%2Fwp%2Fv2%2Fmedia&parent=11243"}],"wp:term":[{"taxonomy":"category","embeddable":true,"href":"https:\/\/ladepeche.mr\/index.php?rest_route=%2Fwp%2Fv2%2Fcategories&post=11243"},{"taxonomy":"post_tag","embeddable":true,"href":"https:\/\/ladepeche.mr\/index.php?rest_route=%2Fwp%2Fv2%2Ftags&post=11243"}],"curies":[{"name":"wp","href":"https:\/\/api.w.org\/{rel}","templated":true}]}}