{"id":11261,"date":"2024-09-09T13:41:39","date_gmt":"2024-09-09T13:41:39","guid":{"rendered":"https:\/\/ladepeche.mr\/?p=11261"},"modified":"2024-09-09T13:41:39","modified_gmt":"2024-09-09T13:41:39","slug":"cloture-de-la-10eme-session-de-la-conference-ministerielle-africaine-sur-lenvironnement","status":"publish","type":"post","link":"https:\/\/ladepeche.mr\/?p=11261","title":{"rendered":"Cl\u00f4ture de la 10\u00e8me Session de la Conf\u00e9rence Minist\u00e9rielle Africaine sur l\u2019Environnement"},"content":{"rendered":"<p>Mme Messouda Baham Mohamed Laghdaf, ministre de l\u2019Environnement et du D\u00e9veloppement Durable et vice-Pr\u00e9sidente de l\u2019AMCEN, a particip\u00e9 \u00e0 la c\u00e9r\u00e9monie de cl\u00f4ture de la 10\u00e8me session de la Conf\u00e9rence Minist\u00e9rielle Africaine sur l\u2019Environnement (AMCEN), qui s\u2019est tenue \u00e0 Abidjan, C\u00f4te d\u2019Ivoire.<\/p>\n<p>Sous le th\u00e8me \u00ab Accro\u00eetre les ambitions de l\u2019Afrique pour la lutte contre la d\u00e9gradation des terres, la d\u00e9sertification et la s\u00e9cheresse \u00bb, cette session a \u00e9t\u00e9 l\u2019occasion de r\u00e9affirmer l\u2019engagement des pays africains en faveur de la restauration des terres d\u00e9grad\u00e9es et de l\u2019am\u00e9lioration de la r\u00e9silience climatique, notamment dans les r\u00e9gions les plus vuln\u00e9rables du continent.<\/p>\n<p>Les d\u00e9bats ont conduit \u00e0 l\u2019adoption de deux importantes d\u00e9clarations : l\u2019une concernant le changement climatique et l\u2019autre sur la lutte contre la d\u00e9sertification, la d\u00e9gradation des terres et la s\u00e9cheresse. Ces d\u00e9clarations illustrent un consensus fort pour des approches int\u00e9gr\u00e9es en mati\u00e8re de gestion durable des terres et de protection des \u00e9cosyst\u00e8mes.<\/p>\n<p>Dans son discours, la ministre a mis en avant l\u2019importance de cette session en tant qu\u2019\u00e9tape d\u00e9terminante pour relever les d\u00e9fis environnementaux actuels. Elle a soulign\u00e9 la n\u00e9cessit\u00e9 de concr\u00e9tiser les engagements pris par des actions effectives et de renforcer la coop\u00e9ration internationale pour atteindre des objectifs communs, en soulignant l\u2019urgence d\u2019une mobilisation continue pour assurer un avenir durable.<\/p>\n<p>En marge de la session, la ministre, accompagn\u00e9e de M. Mohamed Abdallahi Khattri, ambassadeur de la Mauritanie en C\u00f4te d\u2019Ivoire, de M. Mohamed Yahya Ould Lafdal, conseiller technique en charge de la Coop\u00e9ration et du Partenariat, et de M. Hacen Maouloud, directeur de la Protection des Esp\u00e8ces et de la Restauration des Sols (DPRES), a conduit une s\u00e9rie de r\u00e9unions bilat\u00e9rales significatives. Elle a rencontr\u00e9 :<\/p>\n<p>\u2022 Mme Inger Andersen, Directrice Ex\u00e9cutive du Programme des Nations Unies pour l\u2019Environnement (PNUE),<\/p>\n<p>\u2022 M. Ibrahima Thiaw, Secr\u00e9taire Ex\u00e9cutif de la Convention des Nations Unies sur la Lutte contre la D\u00e9sertification (UNCCD),<\/p>\n<p>\u2022 M. Gemedo Dalle, Ministre de l\u2019Environnement de l\u2019\u00c9thiopie,<\/p>\n<p>\u2022 M. Aboidou, Secr\u00e9taire Ex\u00e9cutif de la Convention d\u2019Abidjan,<\/p>\n<p>\u2022 M. Mohamed El Azhari, Pr\u00e9sident de la COP 16 UNCCD,<\/p>\n<p>\u2022 M. Ibrahim Mohamed, Ministre Libyen de l\u2019Environnement,<\/p>\n<p>\u2022 M. Nasir El-Rufai, Vice-Ministre de l\u2019Environnement du Nigeria,<\/p>\n<p>\u2022 M. Abdellatif Kabbaj, Ambassadeur du Maroc en C\u00f4te d\u2019Ivoire,<\/p>\n<p>\u2022 M. Amadou Diop, Ambassadeur du Mali en C\u00f4te d\u2019Ivoire.<\/p>\n<p>Ces rencontres ont permis de consolider les partenariats existants et de d\u00e9finir des priorit\u00e9s communes pour une action coordonn\u00e9e face aux enjeux environnementaux mondiaux.<\/p>\n<p>Ami<\/p>\n","protected":false},"excerpt":{"rendered":"<p>Mme Messouda Baham Mohamed Laghdaf, ministre de l\u2019Environnement et du D\u00e9veloppement Durable et vice-Pr\u00e9sidente de l\u2019AMCEN, a particip\u00e9 \u00e0 la c\u00e9r\u00e9monie de cl\u00f4ture de la 10\u00e8me session de la Conf\u00e9rence Minist\u00e9rielle Africaine sur l\u2019Environnement (AMCEN), qui s\u2019est tenue \u00e0 Abidjan, C\u00f4te d\u2019Ivoire. Sous le th\u00e8me \u00ab Accro\u00eetre les ambitions de l\u2019Afrique pour la lutte contre &hellip;<\/p>\n","protected":false},"author":2,"featured_media":11263,"comment_status":"open","ping_status":"open","sticky":false,"template":"","format":"standard","meta":{"footnotes":""},"categories":[18,21,29],"tags":[],"class_list":["post-11261","post","type-post","status-publish","format-standard","has-post-thumbnail","hentry","category-actualites","category-fluctuations","category-monde"],"_links":{"self":[{"href":"https:\/\/ladepeche.mr\/index.php?rest_route=\/wp\/v2\/posts\/11261","targetHints":{"allow":["GET"]}}],"collection":[{"href":"https:\/\/ladepeche.mr\/index.php?rest_route=\/wp\/v2\/posts"}],"about":[{"href":"https:\/\/ladepeche.mr\/index.php?rest_route=\/wp\/v2\/types\/post"}],"author":[{"embeddable":true,"href":"https:\/\/ladepeche.mr\/index.php?rest_route=\/wp\/v2\/users\/2"}],"replies":[{"embeddable":true,"href":"https:\/\/ladepeche.mr\/index.php?rest_route=%2Fwp%2Fv2%2Fcomments&post=11261"}],"version-history":[{"count":2,"href":"https:\/\/ladepeche.mr\/index.php?rest_route=\/wp\/v2\/posts\/11261\/revisions"}],"predecessor-version":[{"id":11264,"href":"https:\/\/ladepeche.mr\/index.php?rest_route=\/wp\/v2\/posts\/11261\/revisions\/11264"}],"wp:featuredmedia":[{"embeddable":true,"href":"https:\/\/ladepeche.mr\/index.php?rest_route=\/wp\/v2\/media\/11263"}],"wp:attachment":[{"href":"https:\/\/ladepeche.mr\/index.php?rest_route=%2Fwp%2Fv2%2Fmedia&parent=11261"}],"wp:term":[{"taxonomy":"category","embeddable":true,"href":"https:\/\/ladepeche.mr\/index.php?rest_route=%2Fwp%2Fv2%2Fcategories&post=11261"},{"taxonomy":"post_tag","embeddable":true,"href":"https:\/\/ladepeche.mr\/index.php?rest_route=%2Fwp%2Fv2%2Ftags&post=11261"}],"curies":[{"name":"wp","href":"https:\/\/api.w.org\/{rel}","templated":true}]}}