{"id":11267,"date":"2024-09-09T15:10:19","date_gmt":"2024-09-09T15:10:19","guid":{"rendered":"https:\/\/ladepeche.mr\/?p=11267"},"modified":"2024-09-09T15:10:19","modified_gmt":"2024-09-09T15:10:19","slug":"mandats-darret-contre-des-responsables-israeliens-et-du-hamas-lafrique-du-sud-salue-la-decision-de-la-cpi","status":"publish","type":"post","link":"https:\/\/ladepeche.mr\/?p=11267","title":{"rendered":"Mandats d&#8217;arr\u00eat contre des responsables isra\u00e9liens et du Hamas : l&#8217;Afrique du Sud salue la d\u00e9cision de la CPI"},"content":{"rendered":"<h4>Le pr\u00e9sident Cyril Ramaphosa a appel\u00e9 &#8220;\u00e0 mettre fin aux combats, la lib\u00e9ration de tous les otages et le retrait imm\u00e9diat des forces isra\u00e9liennes de Gaza&#8221;<\/h4>\n<p>Le pr\u00e9sident sud-africain Cyril Ramaphosa a salu\u00e9 la d\u00e9cision du procureur de la Cour p\u00e9nale internationale de d\u00e9poser une requ\u00eate de d\u00e9livrance de mandats d&#8217;arr\u00eat contre le Premier ministre isra\u00e9lien Benyamin Netanyahu, le ministre de la D\u00e9fense Yoav Gallant et trois dirigeants du Hamas.<\/p>\n<p>Dans un communiqu\u00e9 publi\u00e9 lundi soir, Ramaphosa a d\u00e9clar\u00e9 que &#8220;la loi doit s\u2019appliquer de mani\u00e8re \u00e9gale \u00e0 tout le monde afin de faire respecter l\u2019\u00c9tat de droit international, de tenir pour responsables ceux qui commettent des crimes odieux et de prot\u00e9ger les droits des victimes&#8221;.<\/p>\n<p>&#8220;L&#8217;Afrique du Sud est attach\u00e9e \u00e0 garantir l&#8217;\u00e9tat de droit international, assurer le respect des droits de l&#8217;homme, au r\u00e8glement de tous les diff\u00e9rends internationaux par la n\u00e9gociation et non par la guerre, et au droit \u00e0 l&#8217;autod\u00e9termination de tous les peuples, y compris les Palestiniens&#8221;, a-t-il ajout\u00e9.<\/p>\n<p>Et de poursuivre, &#8220;nous avons toujours soulign\u00e9 l&#8217;imp\u00e9ratif de mettre fin aux combats et aux hostilit\u00e9s et la lib\u00e9ration imm\u00e9diate des otages isra\u00e9liens \u00e0 Gaza&#8221;.<\/p>\n<p>La m\u00eame source a aussi indiqu\u00e9 que &#8221;l&#8217;Afrique du Sud souhaite qu&#8217;Isra\u00ebl retire imm\u00e9diatement ses forces militaires de Gaza&#8221;.<\/p>\n<p>Lundi, le procureur g\u00e9n\u00e9ral Khan a annonc\u00e9 qu\u2019il avait soumis une requ\u00eate de d\u00e9livrance de mandats d\u2019arr\u00eat contre Netanyahu, Gallant et trois dirigeants du Hamas, accus\u00e9s d\u2019avoir commis des &#8220;crimes de guerre&#8221;.<\/p>\n<p>Les d\u00e9clarations de Khan ont suscit\u00e9 une col\u00e8re et une condamnation intenses en Isra\u00ebl, au point que le ministre des Finances Bezalel Smotrich a menac\u00e9 que &#8220;les mandats d&#8217;arr\u00eat seront le dernier clou dans le d\u00e9mant\u00e8lement de ce tribunal politique et antis\u00e9mite&#8221;, selon ses propres dires.<\/p>\n<p>Isra\u00ebl poursuit la guerre malgr\u00e9 l&#8217;adoption d&#8217;une r\u00e9solution du Conseil de s\u00e9curit\u00e9 de l&#8217;ONU visant \u00e0 mettre fin imm\u00e9diatement aux combats, et en d\u00e9pit du fait que la Cour internationale de Justice exige des mesures imm\u00e9diates pour pr\u00e9venir les actes de g\u00e9nocide et am\u00e9liorer la situation humanitaire \u00e0 Gaza.<\/p>\n<p>sa.com.tr<\/p>\n","protected":false},"excerpt":{"rendered":"<p>Le pr\u00e9sident Cyril Ramaphosa a appel\u00e9 &#8220;\u00e0 mettre fin aux combats, la lib\u00e9ration de tous les otages et le retrait imm\u00e9diat des forces isra\u00e9liennes de Gaza&#8221; Le pr\u00e9sident sud-africain Cyril Ramaphosa a salu\u00e9 la d\u00e9cision du procureur de la Cour p\u00e9nale internationale de d\u00e9poser une requ\u00eate de d\u00e9livrance de mandats d&#8217;arr\u00eat contre le Premier ministre &hellip;<\/p>\n","protected":false},"author":2,"featured_media":11268,"comment_status":"open","ping_status":"open","sticky":false,"template":"","format":"standard","meta":{"footnotes":""},"categories":[18,29],"tags":[],"class_list":["post-11267","post","type-post","status-publish","format-standard","has-post-thumbnail","hentry","category-actualites","category-monde"],"_links":{"self":[{"href":"https:\/\/ladepeche.mr\/index.php?rest_route=\/wp\/v2\/posts\/11267","targetHints":{"allow":["GET"]}}],"collection":[{"href":"https:\/\/ladepeche.mr\/index.php?rest_route=\/wp\/v2\/posts"}],"about":[{"href":"https:\/\/ladepeche.mr\/index.php?rest_route=\/wp\/v2\/types\/post"}],"author":[{"embeddable":true,"href":"https:\/\/ladepeche.mr\/index.php?rest_route=\/wp\/v2\/users\/2"}],"replies":[{"embeddable":true,"href":"https:\/\/ladepeche.mr\/index.php?rest_route=%2Fwp%2Fv2%2Fcomments&post=11267"}],"version-history":[{"count":1,"href":"https:\/\/ladepeche.mr\/index.php?rest_route=\/wp\/v2\/posts\/11267\/revisions"}],"predecessor-version":[{"id":11269,"href":"https:\/\/ladepeche.mr\/index.php?rest_route=\/wp\/v2\/posts\/11267\/revisions\/11269"}],"wp:featuredmedia":[{"embeddable":true,"href":"https:\/\/ladepeche.mr\/index.php?rest_route=\/wp\/v2\/media\/11268"}],"wp:attachment":[{"href":"https:\/\/ladepeche.mr\/index.php?rest_route=%2Fwp%2Fv2%2Fmedia&parent=11267"}],"wp:term":[{"taxonomy":"category","embeddable":true,"href":"https:\/\/ladepeche.mr\/index.php?rest_route=%2Fwp%2Fv2%2Fcategories&post=11267"},{"taxonomy":"post_tag","embeddable":true,"href":"https:\/\/ladepeche.mr\/index.php?rest_route=%2Fwp%2Fv2%2Ftags&post=11267"}],"curies":[{"name":"wp","href":"https:\/\/api.w.org\/{rel}","templated":true}]}}