{"id":1127,"date":"2022-07-22T09:43:06","date_gmt":"2022-07-22T09:43:06","guid":{"rendered":"https:\/\/ladepeche.mr\/?p=1127"},"modified":"2022-07-22T09:43:06","modified_gmt":"2022-07-22T09:43:06","slug":"le-president-de-la-republique-preside-le-lancement-de-la-campagne-agricole","status":"publish","type":"post","link":"https:\/\/ladepeche.mr\/?p=1127","title":{"rendered":"Le Pr\u00e9sident de la R\u00e9publique pr\u00e9side le lancement de la campagne agricole"},"content":{"rendered":"<p>Le Pr\u00e9sident de la R\u00e9publique, Son Excellence Monsieur Mohamed Ould Cheikh El Ghazouani a pr\u00e9sid\u00e9, jeudi \u00e0 partir du barrage de Legrayer relevant de la moughataa de Tamchekett (wilaya du Hodh El Gharbi), le lancement de la campagne agricole 2022-2023.<\/p>\n<p>Au cours de la c\u00e9r\u00e9monie, le Pr\u00e9sident de la R\u00e9publique a suivi un expos\u00e9 sur les actions entreprises pour assurer la r\u00e9ussite de la campagne agricole de cette ann\u00e9e. Les responsables des soci\u00e9t\u00e9s relevant du minist\u00e8re de l&#8217;agriculture ont organis\u00e9 une exposition de produits cultiv\u00e9s et fournis au Pr\u00e9sident de la R\u00e9publique des explications d\u00e9taill\u00e9es sur les innovations introduites dans le domaine de la recherche de l&#8217;autosuffisance alimentaire.<\/p>\n<p>Ces innovations concernent la culture du fourrage vert, l&#8217;introduction de la m\u00e9canisation agricole, la construction de bassins de retenue d&#8217;eau pour l&#8217;irrigation des superficies \u00e0 cultiver et l&#8217;abreuvage du cheptel au cours de toute l&#8217;ann\u00e9e.<\/p>\n<p>Notons que les actions pr\u00e9vues dans le cadre de cette campagne, qui va couter au budget de l\u2019\u00c9tat 4 milliards d&#8217;ouguiya MRU, concernent, entre autres, la r\u00e9alisation ou la r\u00e9habilitation de 42 barrages et 540 digues de protection et le d\u00e9sherbage de 666 mille m2 sur les axes d&#8217;eau.<\/p>\n<p>La c\u00e9r\u00e9monie s&#8217;est d\u00e9roul\u00e9e en pr\u00e9sence du ministre secr\u00e9taire g\u00e9n\u00e9ral de la pr\u00e9sidence de R\u00e9publique, du ministre de l&#8217;Agriculture, de la commissaire \u00e0 la s\u00e9curit\u00e9 alimentaire, du wali du Hodh El Gharbi et du pr\u00e9sident du conseil r\u00e9gional du Hodh El Gharbi.<\/p>\n<p>Ami<\/p>\n","protected":false},"excerpt":{"rendered":"<p>Le Pr\u00e9sident de la R\u00e9publique, Son Excellence Monsieur Mohamed Ould Cheikh El Ghazouani a pr\u00e9sid\u00e9, jeudi \u00e0 partir du barrage de Legrayer relevant de la moughataa de Tamchekett (wilaya du Hodh El Gharbi), le lancement de la campagne agricole 2022-2023. Au cours de la c\u00e9r\u00e9monie, le Pr\u00e9sident de la R\u00e9publique a suivi un expos\u00e9 sur &hellip;<\/p>\n","protected":false},"author":2,"featured_media":1128,"comment_status":"open","ping_status":"open","sticky":false,"template":"","format":"standard","meta":{"footnotes":""},"categories":[18,2],"tags":[],"class_list":["post-1127","post","type-post","status-publish","format-standard","has-post-thumbnail","hentry","category-actualites","category-economie"],"_links":{"self":[{"href":"https:\/\/ladepeche.mr\/index.php?rest_route=\/wp\/v2\/posts\/1127","targetHints":{"allow":["GET"]}}],"collection":[{"href":"https:\/\/ladepeche.mr\/index.php?rest_route=\/wp\/v2\/posts"}],"about":[{"href":"https:\/\/ladepeche.mr\/index.php?rest_route=\/wp\/v2\/types\/post"}],"author":[{"embeddable":true,"href":"https:\/\/ladepeche.mr\/index.php?rest_route=\/wp\/v2\/users\/2"}],"replies":[{"embeddable":true,"href":"https:\/\/ladepeche.mr\/index.php?rest_route=%2Fwp%2Fv2%2Fcomments&post=1127"}],"version-history":[{"count":1,"href":"https:\/\/ladepeche.mr\/index.php?rest_route=\/wp\/v2\/posts\/1127\/revisions"}],"predecessor-version":[{"id":1129,"href":"https:\/\/ladepeche.mr\/index.php?rest_route=\/wp\/v2\/posts\/1127\/revisions\/1129"}],"wp:featuredmedia":[{"embeddable":true,"href":"https:\/\/ladepeche.mr\/index.php?rest_route=\/wp\/v2\/media\/1128"}],"wp:attachment":[{"href":"https:\/\/ladepeche.mr\/index.php?rest_route=%2Fwp%2Fv2%2Fmedia&parent=1127"}],"wp:term":[{"taxonomy":"category","embeddable":true,"href":"https:\/\/ladepeche.mr\/index.php?rest_route=%2Fwp%2Fv2%2Fcategories&post=1127"},{"taxonomy":"post_tag","embeddable":true,"href":"https:\/\/ladepeche.mr\/index.php?rest_route=%2Fwp%2Fv2%2Ftags&post=1127"}],"curies":[{"name":"wp","href":"https:\/\/api.w.org\/{rel}","templated":true}]}}