{"id":11273,"date":"2024-09-09T22:00:44","date_gmt":"2024-09-09T22:00:44","guid":{"rendered":"https:\/\/ladepeche.mr\/?p=11273"},"modified":"2024-09-09T21:32:23","modified_gmt":"2024-09-09T21:32:23","slug":"le-ministre-de-leconomie-et-des-finances-sentretient-avec-le-vice-president-de-la-banque-mondiale","status":"publish","type":"post","link":"https:\/\/ladepeche.mr\/?p=11273","title":{"rendered":"Le ministre de l&#8217;\u00c9conomie et des Finances s&#8217;entretient avec le Vice-Pr\u00e9sident de la Banque Mondiale"},"content":{"rendered":"<div style=\"text-align: left;\">Son Excellence le ministre de l&#8217;\u00c9conomie et des Finances, a re\u00e7u en audience, lundi matin, \u00e0 Nouakchott, une d\u00e9l\u00e9gation du Groupe de la Banque Mondiale, conduite par M. Ousmane Diagana, Vice-Pr\u00e9sident de la Banque Mondiale charg\u00e9 de l&#8217;Afrique centrale et de l&#8217;ouest.<\/div>\n<div><\/div>\n<div>La visite de la d\u00e9l\u00e9gation, qui durera trois jours, s\u2019inscrit dans le cadre du renforcement du partenariat et de la coop\u00e9ration entre la Mauritanie et le Groupe de la Banque Mondiale. Durant cette visite, seront examin\u00e9s les divers aspects de la coop\u00e9ration et du partenariat entre notre pays et le Groupe, ainsi que la vision \u00e0 long terme et les strat\u00e9gies adopt\u00e9es par le gouvernement en mati\u00e8re de d\u00e9veloppement \u00e9conomique et social. Il sera \u00e9galement question des opportunit\u00e9s offertes par l\u2019adoption d\u2019un nouveau cadre de partenariat strat\u00e9gique entre notre pays et le Groupe.<\/div>\n<div><\/div>\n<div>Ont assist\u00e9 \u00e0 la rencontre M. Yacoub Ould Ahmed Aicha, Secr\u00e9taire g\u00e9n\u00e9ral du Minist\u00e8re de l\u2019\u00c9conomie et des Finances, M. Mohamed Salem Ould \u00a0Nani, directeur \u00a0des Financements et de la Coop\u00e9ration \u00c9conomique, la directrice des Op\u00e9rations de la Banque Mondiale pour la Mauritanie, et M. Ibrahima Diouf, repr\u00e9sentant r\u00e9sident de la Banque Mondiale en Mauritanie, ainsi que des directeurs sectoriels de la Banque Mondiale charg\u00e9s de la Mauritanie.<\/div>\n<div>Source MEF<\/div>\n","protected":false},"excerpt":{"rendered":"<p>Son Excellence le ministre de l&#8217;\u00c9conomie et des Finances, a re\u00e7u en audience, lundi matin, \u00e0 Nouakchott, une d\u00e9l\u00e9gation du Groupe de la Banque Mondiale, conduite par M. Ousmane Diagana, Vice-Pr\u00e9sident de la Banque Mondiale charg\u00e9 de l&#8217;Afrique centrale et de l&#8217;ouest. La visite de la d\u00e9l\u00e9gation, qui durera trois jours, s\u2019inscrit dans le cadre &hellip;<\/p>\n","protected":false},"author":2,"featured_media":11274,"comment_status":"open","ping_status":"open","sticky":false,"template":"","format":"standard","meta":{"footnotes":""},"categories":[18,2],"tags":[],"class_list":["post-11273","post","type-post","status-publish","format-standard","has-post-thumbnail","hentry","category-actualites","category-economie"],"_links":{"self":[{"href":"https:\/\/ladepeche.mr\/index.php?rest_route=\/wp\/v2\/posts\/11273","targetHints":{"allow":["GET"]}}],"collection":[{"href":"https:\/\/ladepeche.mr\/index.php?rest_route=\/wp\/v2\/posts"}],"about":[{"href":"https:\/\/ladepeche.mr\/index.php?rest_route=\/wp\/v2\/types\/post"}],"author":[{"embeddable":true,"href":"https:\/\/ladepeche.mr\/index.php?rest_route=\/wp\/v2\/users\/2"}],"replies":[{"embeddable":true,"href":"https:\/\/ladepeche.mr\/index.php?rest_route=%2Fwp%2Fv2%2Fcomments&post=11273"}],"version-history":[{"count":2,"href":"https:\/\/ladepeche.mr\/index.php?rest_route=\/wp\/v2\/posts\/11273\/revisions"}],"predecessor-version":[{"id":11280,"href":"https:\/\/ladepeche.mr\/index.php?rest_route=\/wp\/v2\/posts\/11273\/revisions\/11280"}],"wp:featuredmedia":[{"embeddable":true,"href":"https:\/\/ladepeche.mr\/index.php?rest_route=\/wp\/v2\/media\/11274"}],"wp:attachment":[{"href":"https:\/\/ladepeche.mr\/index.php?rest_route=%2Fwp%2Fv2%2Fmedia&parent=11273"}],"wp:term":[{"taxonomy":"category","embeddable":true,"href":"https:\/\/ladepeche.mr\/index.php?rest_route=%2Fwp%2Fv2%2Fcategories&post=11273"},{"taxonomy":"post_tag","embeddable":true,"href":"https:\/\/ladepeche.mr\/index.php?rest_route=%2Fwp%2Fv2%2Ftags&post=11273"}],"curies":[{"name":"wp","href":"https:\/\/api.w.org\/{rel}","templated":true}]}}