{"id":11276,"date":"2024-09-09T21:29:40","date_gmt":"2024-09-09T21:29:40","guid":{"rendered":"https:\/\/ladepeche.mr\/?p=11276"},"modified":"2024-09-09T21:29:40","modified_gmt":"2024-09-09T21:29:40","slug":"le-ministre-de-leconomie-et-des-finances-recoit-le-pdg-de-la-societe-kinross","status":"publish","type":"post","link":"https:\/\/ladepeche.mr\/?p=11276","title":{"rendered":"Le ministre de l&#8217;\u00c9conomie et des Finances re\u00e7oit le PDG de la soci\u00e9t\u00e9 Kinross"},"content":{"rendered":"<div>Son Excellence le ministre de l&#8217;\u00c9conomie et des Finances, a re\u00e7u \u00a0lundi dans son bureau, le Pr\u00e9sident Directeur G\u00e9n\u00e9ral de la soci\u00e9t\u00e9 Kinross Tasiast, J. Paul Rollinson.<\/div>\n<div><\/div>\n<div>Au cours de la r\u00e9union, le ministre a exhort\u00e9 son invit\u00e9 \u00e0 accro\u00eetre les investissements permettant de cr\u00e9er de nouvelles opportunit\u00e9s d&#8217;emploi et a soulign\u00e9 l&#8217;importance de la mauritanisation des postes en assurant une pr\u00e9f\u00e9rence d&#8217;acc\u00e8s des Mauritaniens qualifi\u00e9s dans les fonctions qu&#8217;ils sont en mesure d&#8217;occuper.<\/div>\n<div><\/div>\n<div>Le ministre a \u00e9galement salu\u00e9 le r\u00f4le de Kinross en tant qu&#8217;investisseur majeur, ayant su se positionner parmi les plus grands employeurs de notre pays.<\/div>\n<div><\/div>\n<div>Ont assist\u00e9 \u00e0 la r\u00e9union le Secr\u00e9taire g\u00e9n\u00e9ral du Minist\u00e8re de l\u2019\u00c9conomie et des Finances, M. Yacoub Ould Ahmed Aicha, et M. Mohamed Salem Ould \u00a0Nani, directeur des Financements et de la Coop\u00e9ration \u00c9conomique.<\/div>\n<div><\/div>\n<div>Le PDG de Kinross \u00e9tait accompagn\u00e9 de M. Ben Littele, Vice-Pr\u00e9sident charg\u00e9 des relations ext\u00e9rieures de la soci\u00e9t\u00e9, de M. Babe Ould Salehi, Vice-Pr\u00e9sident charg\u00e9 des relations de Kinross en Mauritanie, de M. Brahim Ould M&#8217;Bareck, Pr\u00e9sident du Conseil d&#8217;Administration de Tasiast Mauritanie Limited S.A., de M. Claude Schimper, directeur des op\u00e9rations de la soci\u00e9t\u00e9, et de M. Daniel Fonbonne, directeur juridique de Kinross.<\/div>\n","protected":false},"excerpt":{"rendered":"<p>Son Excellence le ministre de l&#8217;\u00c9conomie et des Finances, a re\u00e7u \u00a0lundi dans son bureau, le Pr\u00e9sident Directeur G\u00e9n\u00e9ral de la soci\u00e9t\u00e9 Kinross Tasiast, J. Paul Rollinson. Au cours de la r\u00e9union, le ministre a exhort\u00e9 son invit\u00e9 \u00e0 accro\u00eetre les investissements permettant de cr\u00e9er de nouvelles opportunit\u00e9s d&#8217;emploi et a soulign\u00e9 l&#8217;importance de la &hellip;<\/p>\n","protected":false},"author":2,"featured_media":11277,"comment_status":"open","ping_status":"open","sticky":false,"template":"","format":"standard","meta":{"footnotes":""},"categories":[18,2],"tags":[],"class_list":["post-11276","post","type-post","status-publish","format-standard","has-post-thumbnail","hentry","category-actualites","category-economie"],"_links":{"self":[{"href":"https:\/\/ladepeche.mr\/index.php?rest_route=\/wp\/v2\/posts\/11276","targetHints":{"allow":["GET"]}}],"collection":[{"href":"https:\/\/ladepeche.mr\/index.php?rest_route=\/wp\/v2\/posts"}],"about":[{"href":"https:\/\/ladepeche.mr\/index.php?rest_route=\/wp\/v2\/types\/post"}],"author":[{"embeddable":true,"href":"https:\/\/ladepeche.mr\/index.php?rest_route=\/wp\/v2\/users\/2"}],"replies":[{"embeddable":true,"href":"https:\/\/ladepeche.mr\/index.php?rest_route=%2Fwp%2Fv2%2Fcomments&post=11276"}],"version-history":[{"count":1,"href":"https:\/\/ladepeche.mr\/index.php?rest_route=\/wp\/v2\/posts\/11276\/revisions"}],"predecessor-version":[{"id":11278,"href":"https:\/\/ladepeche.mr\/index.php?rest_route=\/wp\/v2\/posts\/11276\/revisions\/11278"}],"wp:featuredmedia":[{"embeddable":true,"href":"https:\/\/ladepeche.mr\/index.php?rest_route=\/wp\/v2\/media\/11277"}],"wp:attachment":[{"href":"https:\/\/ladepeche.mr\/index.php?rest_route=%2Fwp%2Fv2%2Fmedia&parent=11276"}],"wp:term":[{"taxonomy":"category","embeddable":true,"href":"https:\/\/ladepeche.mr\/index.php?rest_route=%2Fwp%2Fv2%2Fcategories&post=11276"},{"taxonomy":"post_tag","embeddable":true,"href":"https:\/\/ladepeche.mr\/index.php?rest_route=%2Fwp%2Fv2%2Ftags&post=11276"}],"curies":[{"name":"wp","href":"https:\/\/api.w.org\/{rel}","templated":true}]}}