{"id":11282,"date":"2024-09-10T10:28:20","date_gmt":"2024-09-10T10:28:20","guid":{"rendered":"https:\/\/ladepeche.mr\/?p=11282"},"modified":"2024-09-10T10:28:20","modified_gmt":"2024-09-10T10:28:20","slug":"le-premier-ministre-ould-ndiaye-devant-le-parlement-tribune","status":"publish","type":"post","link":"https:\/\/ladepeche.mr\/?p=11282","title":{"rendered":"Le Premier Ministre ould N&#8217;diaye devant le Parlement (Tribune)"},"content":{"rendered":"<p>La mise en pratique d&#8217;un programme politique est souvent un d\u00e9fi de taille, car de nombreux facteurs peuvent influencer sa r\u00e9alisation. Il est essentiel de tenir compte de l&#8217;ensemble du contexte politique, \u00e9conomique, social et culturel dans lequel le programme est cens\u00e9 s&#8217;appliquer. De plus, la capacit\u00e9 du gouvernement \u00e0 mobiliser les ressources n\u00e9cessaires, \u00e0 obtenir le soutien des diff\u00e9rentes parties prenantes et \u00e0 surmonter les obstacles potentiels jouera un r\u00f4le d\u00e9terminant dans la concr\u00e9tisation des objectifs fix\u00e9s.<\/p>\n<p>Dans le cas du programme de politique du 2\u00e8me mandat du Pr\u00e9sident Ghazouani pr\u00e9sent\u00e9 par le premier ministre, il est primordial d&#8217;analyser attentivement la faisabilit\u00e9 des mesures propos\u00e9es, ainsi que la volont\u00e9 politique et la capacit\u00e9 administrative du gouvernement \u00e0 les mettre en \u0153uvre. Il est \u00e9galement important de prendre en consid\u00e9ration la r\u00e9sistance \u00e9ventuelle de certains acteurs politiques ou \u00e9conomiques, ainsi que les possibles contraintes budg\u00e9taires ou logistiques.<\/p>\n<p>En fin de compte, la r\u00e9ussite ou l&#8217;\u00e9chec de la mise en \u0153uvre de ce programme d\u00e9pendra de divers \u00e9l\u00e9ments qui devront \u00eatre g\u00e9r\u00e9s de mani\u00e8re ad\u00e9quate. Il est donc essentiel de suivre de pr\u00e8s les d\u00e9veloppements futurs, d&#8217;\u00e9valuer r\u00e9guli\u00e8rement les progr\u00e8s r\u00e9alis\u00e9s et d&#8217;ajuster les strat\u00e9gies si n\u00e9cessaire pour maximiser les chances de succ\u00e8s. Le temps nous dira si le gouvernement parviendra \u00e0 transformer les paroles en actes concrets et \u00e0 r\u00e9pondre aux attentes de la population.<\/p>\n<p>Ahmed Salem Deida<\/p>\n","protected":false},"excerpt":{"rendered":"<p>La mise en pratique d&#8217;un programme politique est souvent un d\u00e9fi de taille, car de nombreux facteurs peuvent influencer sa r\u00e9alisation. Il est essentiel de tenir compte de l&#8217;ensemble du contexte politique, \u00e9conomique, social et culturel dans lequel le programme est cens\u00e9 s&#8217;appliquer. De plus, la capacit\u00e9 du gouvernement \u00e0 mobiliser les ressources n\u00e9cessaires, \u00e0 &hellip;<\/p>\n","protected":false},"author":2,"featured_media":11287,"comment_status":"open","ping_status":"open","sticky":false,"template":"","format":"standard","meta":{"footnotes":""},"categories":[18,19],"tags":[],"class_list":["post-11282","post","type-post","status-publish","format-standard","has-post-thumbnail","hentry","category-actualites","category-tribune"],"_links":{"self":[{"href":"https:\/\/ladepeche.mr\/index.php?rest_route=\/wp\/v2\/posts\/11282","targetHints":{"allow":["GET"]}}],"collection":[{"href":"https:\/\/ladepeche.mr\/index.php?rest_route=\/wp\/v2\/posts"}],"about":[{"href":"https:\/\/ladepeche.mr\/index.php?rest_route=\/wp\/v2\/types\/post"}],"author":[{"embeddable":true,"href":"https:\/\/ladepeche.mr\/index.php?rest_route=\/wp\/v2\/users\/2"}],"replies":[{"embeddable":true,"href":"https:\/\/ladepeche.mr\/index.php?rest_route=%2Fwp%2Fv2%2Fcomments&post=11282"}],"version-history":[{"count":2,"href":"https:\/\/ladepeche.mr\/index.php?rest_route=\/wp\/v2\/posts\/11282\/revisions"}],"predecessor-version":[{"id":11288,"href":"https:\/\/ladepeche.mr\/index.php?rest_route=\/wp\/v2\/posts\/11282\/revisions\/11288"}],"wp:featuredmedia":[{"embeddable":true,"href":"https:\/\/ladepeche.mr\/index.php?rest_route=\/wp\/v2\/media\/11287"}],"wp:attachment":[{"href":"https:\/\/ladepeche.mr\/index.php?rest_route=%2Fwp%2Fv2%2Fmedia&parent=11282"}],"wp:term":[{"taxonomy":"category","embeddable":true,"href":"https:\/\/ladepeche.mr\/index.php?rest_route=%2Fwp%2Fv2%2Fcategories&post=11282"},{"taxonomy":"post_tag","embeddable":true,"href":"https:\/\/ladepeche.mr\/index.php?rest_route=%2Fwp%2Fv2%2Ftags&post=11282"}],"curies":[{"name":"wp","href":"https:\/\/api.w.org\/{rel}","templated":true}]}}