{"id":11284,"date":"2024-09-10T10:18:19","date_gmt":"2024-09-10T10:18:19","guid":{"rendered":"https:\/\/ladepeche.mr\/?p=11284"},"modified":"2024-09-10T10:18:19","modified_gmt":"2024-09-10T10:18:19","slug":"decret-presidentiel-cloturant-la-session-extraordinaire-de-lassemblee-nationale-le-11-septembre-2024","status":"publish","type":"post","link":"https:\/\/ladepeche.mr\/?p=11284","title":{"rendered":"D\u00e9cret pr\u00e9sidentiel cl\u00f4turant la session extraordinaire de l\u2019Assembl\u00e9e nationale le 11 septembre 2024"},"content":{"rendered":"<p>La Pr\u00e9sidence de la R\u00e9publique a publi\u00e9, lundi, un d\u00e9cret pr\u00e9sidentiel cl\u00f4turant la session extraordinaire de l\u2019Assembl\u00e9e nationale, mercredi 11 septembre 2024.<\/p>\n<p>Voici texte int\u00e9gral du d\u00e9cret:<\/p>\n<p>Le Pr\u00e9sident apr\u00e8s avoir examin\u00e9:<\/p>\n<p>\u2013 La Constitution du 20 juillet 1991, r\u00e9vis\u00e9e en 2006, 2012 et 2017;<\/p>\n<p>\u2014 Le d\u00e9cret n\u00b0160-2024 bis\/reg. pris le 26 ao\u00fbt 2024 portant convocation de l\u2019Assembl\u00e9e nationale en session extraordinaire.<\/p>\n<p>D\u00e9cr\u00e8te<\/p>\n<p>Article premier : La session extraordinaire de l\u2019Assembl\u00e9e nationale sera cl\u00f4tur\u00e9e le mercredi 11 septembre 2024.<\/p>\n<p>Article deux : Le pr\u00e9sent d\u00e9cret est publi\u00e9 en urgence et au Journal officiel de la R\u00e9publique Islamique de Mauritanie.<\/p>\n<p>Mohamed Ould Cheikh El Ghazouani.<\/p>\n<p>Ami<\/p>\n","protected":false},"excerpt":{"rendered":"<p>La Pr\u00e9sidence de la R\u00e9publique a publi\u00e9, lundi, un d\u00e9cret pr\u00e9sidentiel cl\u00f4turant la session extraordinaire de l\u2019Assembl\u00e9e nationale, mercredi 11 septembre 2024. Voici texte int\u00e9gral du d\u00e9cret: Le Pr\u00e9sident apr\u00e8s avoir examin\u00e9: \u2013 La Constitution du 20 juillet 1991, r\u00e9vis\u00e9e en 2006, 2012 et 2017; \u2014 Le d\u00e9cret n\u00b0160-2024 bis\/reg. pris le 26 ao\u00fbt 2024 &hellip;<\/p>\n","protected":false},"author":2,"featured_media":7871,"comment_status":"open","ping_status":"open","sticky":false,"template":"","format":"standard","meta":{"footnotes":""},"categories":[18,31],"tags":[],"class_list":["post-11284","post","type-post","status-publish","format-standard","has-post-thumbnail","hentry","category-actualites","category-politique-et-reportages"],"_links":{"self":[{"href":"https:\/\/ladepeche.mr\/index.php?rest_route=\/wp\/v2\/posts\/11284","targetHints":{"allow":["GET"]}}],"collection":[{"href":"https:\/\/ladepeche.mr\/index.php?rest_route=\/wp\/v2\/posts"}],"about":[{"href":"https:\/\/ladepeche.mr\/index.php?rest_route=\/wp\/v2\/types\/post"}],"author":[{"embeddable":true,"href":"https:\/\/ladepeche.mr\/index.php?rest_route=\/wp\/v2\/users\/2"}],"replies":[{"embeddable":true,"href":"https:\/\/ladepeche.mr\/index.php?rest_route=%2Fwp%2Fv2%2Fcomments&post=11284"}],"version-history":[{"count":1,"href":"https:\/\/ladepeche.mr\/index.php?rest_route=\/wp\/v2\/posts\/11284\/revisions"}],"predecessor-version":[{"id":11285,"href":"https:\/\/ladepeche.mr\/index.php?rest_route=\/wp\/v2\/posts\/11284\/revisions\/11285"}],"wp:featuredmedia":[{"embeddable":true,"href":"https:\/\/ladepeche.mr\/index.php?rest_route=\/wp\/v2\/media\/7871"}],"wp:attachment":[{"href":"https:\/\/ladepeche.mr\/index.php?rest_route=%2Fwp%2Fv2%2Fmedia&parent=11284"}],"wp:term":[{"taxonomy":"category","embeddable":true,"href":"https:\/\/ladepeche.mr\/index.php?rest_route=%2Fwp%2Fv2%2Fcategories&post=11284"},{"taxonomy":"post_tag","embeddable":true,"href":"https:\/\/ladepeche.mr\/index.php?rest_route=%2Fwp%2Fv2%2Ftags&post=11284"}],"curies":[{"name":"wp","href":"https:\/\/api.w.org\/{rel}","templated":true}]}}