{"id":11289,"date":"2024-09-10T11:22:02","date_gmt":"2024-09-10T11:22:02","guid":{"rendered":"https:\/\/ladepeche.mr\/?p=11289"},"modified":"2024-09-10T11:27:18","modified_gmt":"2024-09-10T11:27:18","slug":"migration-illegale-le-gouvernement-entend-durcir-sa-legislation","status":"publish","type":"post","link":"https:\/\/ladepeche.mr\/?p=11289","title":{"rendered":"Migration ill\u00e9gale: Le Gouvernement mauritanien entend durcir sa l\u00e9gislation"},"content":{"rendered":"<p>Le Gouvernement mauritanien entend durcir sa l\u00e9gislation en mati\u00e8re de lutte contre l\u2019immigration ill\u00e9gale et irr\u00e9guli\u00e8re en accentuant les sanctions contre les contrevenants acc\u00e9dant \u00e0 son territoire afin de les rendre plus dissuasives \u00e0 l\u2019avenir.<\/p>\n<p>Le gouvernement a, en effet, propos\u00e9 au Parlement, lors de sa derni\u00e8re session, qui sera cl\u00f4tur\u00e9e mercredi, un projet de loi que discute actuellement la Commission de la Justice, de l\u2019Int\u00e9rieur et de la D\u00e9fense en vue de pr\u00e9voir une r\u00e9vision de la loi n\u00b0 65-046 du 23 f\u00e9vrier 1965, sur l\u2019immigration,\u00a0 afin de renforcer son caract\u00e8re r\u00e9pressif.<\/p>\n<p>Les nouvelles propositions portent sur l\u2019introduction de lourdes amendes pour les personnes dont la pr\u00e9sence est ill\u00e9gale dans le pays. Elles concernent aussi les personnes qui les aideraient dans ce sens. Ces deux cat\u00e9gories de personnes seront passibles de 50.000 \u00e0 200.000 Mru d\u2019amende, en plus des peines d&#8217;emprisonnement allant de deux \u00e0 six mois. Mais les sanctions peuvent \u00eatre encore plus lourdes, 6 mois \u00e0 deux ans de prison, en cas de contrefa\u00e7ons de documents pour entrer ou r\u00e9sider dans le pays.<\/p>\n<p>Le projet de texte pr\u00e9voit aussi des proc\u00e9dures automatiques d&#8217;expulsion de contrevenants, avec la possibilit\u00e9 d&#8217;une interdiction d&#8217;entr\u00e9e allant d&#8217;un \u00e0 dix ans pour les contrevenants.<\/p>\n<p>Le projet de loi pr\u00e9sent\u00e9 comme un nouvel arsenal juridique pour renforcer l&#8217;efficacit\u00e9 du syst\u00e8me d&#8217;immigration dans le pays co\u00efncide \u00e9galement avec des accords sp\u00e9cifiques sign\u00e9s avec l\u2019Ue dans la lutte contre l\u2019immigration clandestine vers le vieux Continent ; un processus dont la Mauritanie constitue, en raison de ses fronti\u00e8res maritimes proches des Iles Canaries (Espagne), une \u00e9tape active ces derni\u00e8res ann\u00e9es.<\/p>\n<p>&nbsp;<\/p>\n","protected":false},"excerpt":{"rendered":"<p>Le Gouvernement mauritanien entend durcir sa l\u00e9gislation en mati\u00e8re de lutte contre l\u2019immigration ill\u00e9gale et irr\u00e9guli\u00e8re en accentuant les sanctions contre les contrevenants acc\u00e9dant \u00e0 son territoire afin de les rendre plus dissuasives \u00e0 l\u2019avenir. Le gouvernement a, en effet, propos\u00e9 au Parlement, lors de sa derni\u00e8re session, qui sera cl\u00f4tur\u00e9e mercredi, un projet de &hellip;<\/p>\n","protected":false},"author":2,"featured_media":11291,"comment_status":"open","ping_status":"open","sticky":false,"template":"","format":"standard","meta":{"footnotes":""},"categories":[18,29],"tags":[],"class_list":["post-11289","post","type-post","status-publish","format-standard","has-post-thumbnail","hentry","category-actualites","category-monde"],"_links":{"self":[{"href":"https:\/\/ladepeche.mr\/index.php?rest_route=\/wp\/v2\/posts\/11289","targetHints":{"allow":["GET"]}}],"collection":[{"href":"https:\/\/ladepeche.mr\/index.php?rest_route=\/wp\/v2\/posts"}],"about":[{"href":"https:\/\/ladepeche.mr\/index.php?rest_route=\/wp\/v2\/types\/post"}],"author":[{"embeddable":true,"href":"https:\/\/ladepeche.mr\/index.php?rest_route=\/wp\/v2\/users\/2"}],"replies":[{"embeddable":true,"href":"https:\/\/ladepeche.mr\/index.php?rest_route=%2Fwp%2Fv2%2Fcomments&post=11289"}],"version-history":[{"count":2,"href":"https:\/\/ladepeche.mr\/index.php?rest_route=\/wp\/v2\/posts\/11289\/revisions"}],"predecessor-version":[{"id":11293,"href":"https:\/\/ladepeche.mr\/index.php?rest_route=\/wp\/v2\/posts\/11289\/revisions\/11293"}],"wp:featuredmedia":[{"embeddable":true,"href":"https:\/\/ladepeche.mr\/index.php?rest_route=\/wp\/v2\/media\/11291"}],"wp:attachment":[{"href":"https:\/\/ladepeche.mr\/index.php?rest_route=%2Fwp%2Fv2%2Fmedia&parent=11289"}],"wp:term":[{"taxonomy":"category","embeddable":true,"href":"https:\/\/ladepeche.mr\/index.php?rest_route=%2Fwp%2Fv2%2Fcategories&post=11289"},{"taxonomy":"post_tag","embeddable":true,"href":"https:\/\/ladepeche.mr\/index.php?rest_route=%2Fwp%2Fv2%2Ftags&post=11289"}],"curies":[{"name":"wp","href":"https:\/\/api.w.org\/{rel}","templated":true}]}}