{"id":11297,"date":"2024-09-10T12:30:37","date_gmt":"2024-09-10T12:30:37","guid":{"rendered":"https:\/\/ladepeche.mr\/?p=11297"},"modified":"2024-09-10T12:32:31","modified_gmt":"2024-09-10T12:32:31","slug":"economie-le-gouvernement-et-la-bm-examinent-leur-cadre-strategique-du-partenariat-pour-les-5-prochaines-annees","status":"publish","type":"post","link":"https:\/\/ladepeche.mr\/?p=11297","title":{"rendered":"Economie\u00a0: Le Gouvernement et la BM examinent leur cadre strat\u00e9gique de partenariat pour les 5 prochaines ann\u00e9es."},"content":{"rendered":"<p>Le Gouvernement mauritanien, repr\u00e9sent\u00e9, par une d\u00e9l\u00e9gation minist\u00e9rielle, conduite par le ministre de l&#8217;\u00c9conomie et des Finances,\u00a0 Sid&#8217;Ahmed Ould Bouh, a examin\u00e9, lundi apr\u00e8s-midi, lors d\u2019une s\u00e9ance de travail avec la mission conjointe de la Banque mondiale, dirig\u00e9e par Ousmane Diagana, vice-pr\u00e9sident de la Banque mondiale charg\u00e9 de l\u2019Afrique de l\u2019Ouest et du Centre, et\u00a0 Sergio Pimenta, vice-pr\u00e9sident de la Soci\u00e9t\u00e9 financi\u00e8re internationale, le cadre strat\u00e9gique de partenariat entre les deux parties pour les 5 prochaines ann\u00e9es.<\/p>\n<p>Selon une note d\u2019information rendue publique par le MEF, \u00ab\u00a0les deux parties ont exprim\u00e9 leur satisfaction mutuelle et soulign\u00e9 la n\u00e9cessit\u00e9 de renforcer cette collaboration fructueuse, qui a donn\u00e9 lieu \u00e0 un portefeuille de projets importants et diversifi\u00e9s, ainsi qu\u2019\u00e0 un appui financier et technique g\u00e9n\u00e9reux, contribuant au d\u00e9veloppement \u00e9conomique et social de notre pays\u00a0\u00bb. Le\u00a0<em>portefeuille<\/em>\u00a0des projets financ\u00e9s par la banque mondiale en\u00a0<em>Mauritanie<\/em>\u00a0a d\u00e9pass\u00e9 un milliard de dollars avait-on officiellement annonc\u00e9 en juillet 2024.<\/p>\n<p>Plusieurs ministres dont ceux de l\u2019\u00c9ducation et de la R\u00e9forme du syst\u00e8me \u00e9ducatif, de l\u2019Agriculture et de la Souverainet\u00e9 alimentaire, de l\u2019\u00c9nergie et du P\u00e9trole, de l&#8217;Hydraulique et de l\u2019Assainissement, de l\u2019Environnement et du D\u00e9veloppement durable ont pris part \u00e0 cette revue de la coop\u00e9ration.<\/p>\n","protected":false},"excerpt":{"rendered":"<p>Le Gouvernement mauritanien, repr\u00e9sent\u00e9, par une d\u00e9l\u00e9gation minist\u00e9rielle, conduite par le ministre de l&#8217;\u00c9conomie et des Finances,\u00a0 Sid&#8217;Ahmed Ould Bouh, a examin\u00e9, lundi apr\u00e8s-midi, lors d\u2019une s\u00e9ance de travail avec la mission conjointe de la Banque mondiale, dirig\u00e9e par Ousmane Diagana, vice-pr\u00e9sident de la Banque mondiale charg\u00e9 de l\u2019Afrique de l\u2019Ouest et du Centre, et\u00a0 &hellip;<\/p>\n","protected":false},"author":2,"featured_media":11298,"comment_status":"open","ping_status":"open","sticky":false,"template":"","format":"standard","meta":{"footnotes":""},"categories":[18,2],"tags":[],"class_list":["post-11297","post","type-post","status-publish","format-standard","has-post-thumbnail","hentry","category-actualites","category-economie"],"_links":{"self":[{"href":"https:\/\/ladepeche.mr\/index.php?rest_route=\/wp\/v2\/posts\/11297","targetHints":{"allow":["GET"]}}],"collection":[{"href":"https:\/\/ladepeche.mr\/index.php?rest_route=\/wp\/v2\/posts"}],"about":[{"href":"https:\/\/ladepeche.mr\/index.php?rest_route=\/wp\/v2\/types\/post"}],"author":[{"embeddable":true,"href":"https:\/\/ladepeche.mr\/index.php?rest_route=\/wp\/v2\/users\/2"}],"replies":[{"embeddable":true,"href":"https:\/\/ladepeche.mr\/index.php?rest_route=%2Fwp%2Fv2%2Fcomments&post=11297"}],"version-history":[{"count":2,"href":"https:\/\/ladepeche.mr\/index.php?rest_route=\/wp\/v2\/posts\/11297\/revisions"}],"predecessor-version":[{"id":11308,"href":"https:\/\/ladepeche.mr\/index.php?rest_route=\/wp\/v2\/posts\/11297\/revisions\/11308"}],"wp:featuredmedia":[{"embeddable":true,"href":"https:\/\/ladepeche.mr\/index.php?rest_route=\/wp\/v2\/media\/11298"}],"wp:attachment":[{"href":"https:\/\/ladepeche.mr\/index.php?rest_route=%2Fwp%2Fv2%2Fmedia&parent=11297"}],"wp:term":[{"taxonomy":"category","embeddable":true,"href":"https:\/\/ladepeche.mr\/index.php?rest_route=%2Fwp%2Fv2%2Fcategories&post=11297"},{"taxonomy":"post_tag","embeddable":true,"href":"https:\/\/ladepeche.mr\/index.php?rest_route=%2Fwp%2Fv2%2Ftags&post=11297"}],"curies":[{"name":"wp","href":"https:\/\/api.w.org\/{rel}","templated":true}]}}