{"id":11313,"date":"2024-09-10T16:18:55","date_gmt":"2024-09-10T16:18:55","guid":{"rendered":"https:\/\/ladepeche.mr\/?p=11313"},"modified":"2024-09-10T16:20:31","modified_gmt":"2024-09-10T16:20:31","slug":"approbation-du-projet-de-code-dhydrogene-vert-les-deputes-comblent-un-vide-juridique","status":"publish","type":"post","link":"https:\/\/ladepeche.mr\/?p=11313","title":{"rendered":"Approbation du projet de code d\u2019hydrog\u00e8ne vert: Les d\u00e9put\u00e9s comblent un vide juridique"},"content":{"rendered":"<p class=\"p1\" style=\"text-align: left;\">L\u2019AN a adopt\u00e9, lundi, le projet de loi sur le Code de l\u2019hydrog\u00e8ne vert en Mauritanie ouvrant de nouvelles perspectives pour un r\u00f4le \u00e9conomique strat\u00e9gique de cette fili\u00e8re \u00e0 l\u2019heure de la transition \u00e9nerg\u00e9tique mondiale et comblant un vide juridique sur la question.<\/p>\n<p class=\"p1\"><span class=\"s1\">L\u2019ambition du gouvernement annonc\u00e9e depuis la mise en relief du potentiel local est de hisser le pays comme un hub du mixte \u00e9nerg\u00e9tique renouvelable (solaire et \u00e9olien).<\/span><\/p>\n<p class=\"p1\"><span class=\"s1\">Pour les autorit\u00e9s mauritaniennes, \u201cce cadre l\u00e9gislatif vise \u00e0 \u00e9tablir une r\u00e9glementation claire et incitative, destin\u00e9e \u00e0 stimuler les investissements dans ce secteur en plein essor.\u201d indiquait en juillet le gouvernement \u00e0 l\u2019occasion de l\u2019adoption du projet de code.\u00a0<\/span><\/p>\n<p class=\"p1\"><span class=\"s1\">Plusieurs \u00e9tudes parall\u00e8les sur le potentiel \u00e9nerg\u00e9tique du pays avaient \u00e9t\u00e9 men\u00e9es. Une \u00e9tude de l\u2019entreprise sp\u00e9cialis\u00e9e \u201cChariot\u201d dont le projet \u201cNour\u201d de 10 GW constitue l\u2019un des ambitieux \u201cMOUs\u201d. Ces derniers visent une production de 88 gigawatts d\u2019\u00e9nergie renouvelable.<\/span><\/p>\n<p class=\"p1\"><span class=\"s1\">Outre les retomb\u00e9es pour les industrielles (infrastructures\u2026), le gouvernement a encore mis en place une feuille de route pour le bas carbone (accessible au public)\u2026<\/span><\/p>\n<p class=\"p1\"><span class=\"s1\">Une approche participative, englobant tous les acteurs. a marqu\u00e9 les diff\u00e9rentes \u00e9tapes de l\u2019adoption du code comme cadre juridique qui soit aussi rassurant pour les investisseurs.<\/span><\/p>\n<p class=\"p1\"><span class=\"s1\">L\u2019approbation donc du nouveau code l\u2019hydrog\u00e8ne vert, en plus de combler un vide l\u00e9gal, est l\u2019aboutissement d\u2019un long processus de pr\u00e9paration du code aujourd\u2019hui approuv\u00e9.<\/span><\/p>\n","protected":false},"excerpt":{"rendered":"<p>L\u2019AN a adopt\u00e9, lundi, le projet de loi sur le Code de l\u2019hydrog\u00e8ne vert en Mauritanie ouvrant de nouvelles perspectives pour un r\u00f4le \u00e9conomique strat\u00e9gique de cette fili\u00e8re \u00e0 l\u2019heure de la transition \u00e9nerg\u00e9tique mondiale et comblant un vide juridique sur la question. L\u2019ambition du gouvernement annonc\u00e9e depuis la mise en relief du potentiel local &hellip;<\/p>\n","protected":false},"author":2,"featured_media":5960,"comment_status":"open","ping_status":"open","sticky":false,"template":"","format":"standard","meta":{"footnotes":""},"categories":[18,2],"tags":[],"class_list":["post-11313","post","type-post","status-publish","format-standard","has-post-thumbnail","hentry","category-actualites","category-economie"],"_links":{"self":[{"href":"https:\/\/ladepeche.mr\/index.php?rest_route=\/wp\/v2\/posts\/11313","targetHints":{"allow":["GET"]}}],"collection":[{"href":"https:\/\/ladepeche.mr\/index.php?rest_route=\/wp\/v2\/posts"}],"about":[{"href":"https:\/\/ladepeche.mr\/index.php?rest_route=\/wp\/v2\/types\/post"}],"author":[{"embeddable":true,"href":"https:\/\/ladepeche.mr\/index.php?rest_route=\/wp\/v2\/users\/2"}],"replies":[{"embeddable":true,"href":"https:\/\/ladepeche.mr\/index.php?rest_route=%2Fwp%2Fv2%2Fcomments&post=11313"}],"version-history":[{"count":2,"href":"https:\/\/ladepeche.mr\/index.php?rest_route=\/wp\/v2\/posts\/11313\/revisions"}],"predecessor-version":[{"id":11315,"href":"https:\/\/ladepeche.mr\/index.php?rest_route=\/wp\/v2\/posts\/11313\/revisions\/11315"}],"wp:featuredmedia":[{"embeddable":true,"href":"https:\/\/ladepeche.mr\/index.php?rest_route=\/wp\/v2\/media\/5960"}],"wp:attachment":[{"href":"https:\/\/ladepeche.mr\/index.php?rest_route=%2Fwp%2Fv2%2Fmedia&parent=11313"}],"wp:term":[{"taxonomy":"category","embeddable":true,"href":"https:\/\/ladepeche.mr\/index.php?rest_route=%2Fwp%2Fv2%2Fcategories&post=11313"},{"taxonomy":"post_tag","embeddable":true,"href":"https:\/\/ladepeche.mr\/index.php?rest_route=%2Fwp%2Fv2%2Ftags&post=11313"}],"curies":[{"name":"wp","href":"https:\/\/api.w.org\/{rel}","templated":true}]}}