{"id":11316,"date":"2024-09-11T11:11:21","date_gmt":"2024-09-11T11:11:21","guid":{"rendered":"https:\/\/ladepeche.mr\/?p=11316"},"modified":"2024-09-11T11:11:53","modified_gmt":"2024-09-11T11:11:53","slug":"jour-de-joie-pour-la-banque-africaine-de-developpement-qui-celebre-ses-60-ans","status":"publish","type":"post","link":"https:\/\/ladepeche.mr\/?p=11316","title":{"rendered":"Jour de joie pour la Banque africaine de d\u00e9veloppement qui c\u00e9l\u00e8bre ses 60 ans"},"content":{"rendered":"<p><span lang=\"FR\">Le pr\u00e9sident de la C\u00f4te d\u2019Ivoire, Alassane Ouattara, a conduit mardi les c\u00e9l\u00e9brations du 60<sup>e<\/sup>\u00a0anniversaire de la Banque africaine de d\u00e9veloppement.<\/span><\/p>\n<p><span lang=\"FR\">\u00ab\u2009C\u2019est une \u00e9tape historique et un motif de c\u00e9l\u00e9bration, mais c\u2019est aussi l\u2019occasion de constater que la Banque africaine de d\u00e9veloppement a financ\u00e9 des infrastructures essentielles et contribu\u00e9 \u00e0 am\u00e9liorer les conditions de vie de millions d\u2019Africains. La Banque est une source de fiert\u00e9 et d\u2019espoir pour l\u2019Afrique\u2009\u00bb, a d\u00e9clar\u00e9 M. Ouattara.<\/span><\/p>\n<p><span lang=\"FR\">Le pr\u00e9sident Ouattara s\u2019exprimait \u00e0 l\u2019occasion de la deuxi\u00e8me journ\u00e9e des festivit\u00e9s, qui constituait la journ\u00e9e officielle du jubil\u00e9 de diamant de la Banque et qui s\u2019est d\u00e9roul\u00e9e \u00e0 Abidjan, la capitale \u00e9conomique de la C\u00f4te d\u2019Ivoire, qui abrite le si\u00e8ge de l\u2019institution.<\/span><\/p>\n<p><span lang=\"FR\">M. Ouattara a toutefois ajout\u00e9 qu\u2019il restait encore du travail \u00e0 faire. \u00ab\u00a0Notre Banque est un soutien ind\u00e9fectible en temps de crise. L\u2019Afrique continue d\u2019\u00eatre en proie \u00e0 des inondations et \u00e0 des guerres, et la faim s\u00e9vit. La Banque doit donc faire encore plus et encourager les \u00c9tats \u00e0 investir davantage dans les domaines du climat et de l\u2019agriculture et \u00e0 \u0153uvrer en faveur de la paix et de la d\u00e9mocratie pour mettre un terme \u00e0 ces guerres\u2009\u00bb, a-t-il d\u00e9clar\u00e9.<\/span><\/p>\n<p><span lang=\"FR\">Le pr\u00e9sident de la Banque africaine de d\u00e9veloppement et pr\u00e9sident des Conseils d\u2019administration du Groupe de la Banque, Akinwumi Adesina, a d\u00e9crit les c\u00e9l\u00e9brations du 60<sup>e<\/sup>\u00a0anniversaire de l\u2019institution \u00e0 Abidjan comme un \u00ab\u2009jour de joie\u2009\u00bb, tout en rendant hommage au chef d\u2019\u00c9tat du pays h\u00f4te, M. Ouattara, qu\u2019il a qualifi\u00e9 de \u00ab\u2009pilier offrant un soutien extraordinaire\u2009\u00bb.<\/span><\/p>\n<p><span lang=\"FR\">M. Adesina a lou\u00e9 les r\u00e9alisations de la Banque depuis sa cr\u00e9ation en 1964 \u00e0 Abidjan. Il a salu\u00e9 le fait que la Banque a soutenu plus de 6\u2009575 projets sur le continent et qu\u2019au cours des dix derni\u00e8res ann\u00e9es seulement, elle a investi 77 milliards de dollars dans 3\u2009000 projets, devenant ainsi le partenaire de d\u00e9veloppement le plus fiable de l\u2019Afrique.<\/span><\/p>\n<p><span lang=\"FR\">M. Adesina a remerci\u00e9 le pr\u00e9sident Ouattara d\u2019avoir accueilli le si\u00e8ge de la Banque \u00e0 Abidjan et pour son ferme soutien. Il a d\u00e9crit comment, en 2019, le pr\u00e9sident de la C\u00f4te d\u2019Ivoire a aid\u00e9 la Banque \u00e0 obtenir une augmentation g\u00e9n\u00e9rale de capital de 115 milliards de dollars \u2014 la plus importante de l\u2019histoire de l\u2019institution. Le capital total de la Banque a \u00e9t\u00e9 port\u00e9 \u00e0 318 milliards de dollars en mai dernier, t\u00e9moignant une nouvelle fois du soutien des actionnaires.<\/span><\/p>\n<p><span lang=\"FR\">\u00ab\u2009Cela nous donne la puissance de feu n\u00e9cessaire pour faire davantage pour l\u2019Afrique\u00a0\u00bb, a d\u00e9clar\u00e9 M. Adesina. \u00ab\u00a0Nous sommes aujourd\u2019hui une banque plus grande, plus audacieuse et en meilleure posture pour r\u00e9pondre aux besoins et d\u00e9fis futurs de l\u2019Afrique, pour acc\u00e9l\u00e9rer le d\u00e9veloppement du continent\u2009\u00bb, a-t-il affirm\u00e9.<\/span><\/p>\n<p><span lang=\"FR\">\u00ab\u2009\u00c0 la suite de mon \u00e9lection \u00e0 la pr\u00e9sidence en 2015, j\u2019ai plaid\u00e9, au cours de mon premier mandat, en faveur d\u2019une banque plus forte, dot\u00e9e des ressources financi\u00e8res n\u00e9cessaires pour contribuer \u00e0 la mise en \u0153uvre \u00e0 grande \u00e9chelle de nos\u2009High 5\u2009: \u00e9clairer l\u2019Afrique et l\u2019alimenter en \u00e9nergie\u2009; nourrir l\u2019Afrique\u2009; industrialiser l\u2019Afrique\u2009; int\u00e9grer l\u2019Afrique\u2009; et am\u00e9liorer la qualit\u00e9 de vie des populations en Afrique\u2009\u00bb, a pr\u00e9cis\u00e9 Akinwumi Adesina.<\/span><\/p>\n<p><span lang=\"FR\">\u00ab\u2009Au cours des neuf derni\u00e8res ann\u00e9es, nous avons consacr\u00e9 plus de 55 milliards de dollars au soutien des infrastructures, de l\u2019\u00e9nergie aux routes, corridors, ports maritimes, a\u00e9roports, chemins de fer, infrastructures num\u00e9riques, eau et assainissement. Aujourd\u2019hui, la Banque est le plus grand bailleur de fonds multilat\u00e9ral pour les infrastructures en Afrique\u2009\u00bb, a-t-il d\u00e9taill\u00e9.<\/span><\/p>\n<p><span lang=\"FR\">Au cours des huit derni\u00e8res ann\u00e9es, les actions men\u00e9es par la Banque ont eu un impact sur la vie de plus de 400 millions de personnes \u00e0 travers l\u2019Afrique, a soulign\u00e9 M. Adesina. Il a expliqu\u00e9 aussi comment 52 % des Africains avaient d\u00e9sormais acc\u00e8s \u00e0 l\u2019\u00e9lectricit\u00e9 &#8211; contre 25 % en 2016 &#8211; et de quelle mani\u00e8re l\u2019initiative \u00ab\u2009Desert to Power\u2009\u00bb, dot\u00e9e de 20 milliards de dollars dans le Sahel, contribuerait \u00e0 fournir 10\u2009000 m\u00e9gawatts d\u2019\u00e9lectricit\u00e9 \u00e0 250 millions de personnes vivant dans les onze pays sah\u00e9liens concern\u00e9s.<\/span><\/p>\n<p><span lang=\"FR\">M. Adesina a \u00e9galement salu\u00e9 la mobilisation par la Banque de 72 milliards de dollars pour aider \u00e0 lib\u00e9rer le potentiel agricole de l\u2019Afrique lors du Sommet \u00ab\u00a0Nourrir l\u2019Afrique\u00a0\u00bb qui s\u2019est tenu en janvier 2023 \u00e0 Dakar, au S\u00e9n\u00e9gal, et son action pour soutenir les efforts du continent face au changement climatique, en mobilisant 25 milliards de dollars \u00e0 travers son Programme d\u2019acc\u00e9l\u00e9ration de l\u2019adaptation en Afrique ainsi que 14 milliards de dollars par le biais de son Guichet d\u2019action climatique.<\/span><\/p>\n<p><span lang=\"FR\">M. Adesina a conclu son intervention par un appel \u00e0 la mobilisation : \u00ab\u2009cette c\u00e9l\u00e9bration est un appel \u00e0 l\u2019action pour construire l\u2019Afrique que nous voulons voir. Puisse la Banque africaine de d\u00e9veloppement continuer \u00e0 atteindre les objectifs de d\u00e9veloppement pour l\u2019Afrique.\u2009\u00bb<\/span><\/p>\n<p>Source BAD<\/p>\n","protected":false},"excerpt":{"rendered":"<p>Le pr\u00e9sident de la C\u00f4te d\u2019Ivoire, Alassane Ouattara, a conduit mardi les c\u00e9l\u00e9brations du 60e\u00a0anniversaire de la Banque africaine de d\u00e9veloppement. \u00ab\u2009C\u2019est une \u00e9tape historique et un motif de c\u00e9l\u00e9bration, mais c\u2019est aussi l\u2019occasion de constater que la Banque africaine de d\u00e9veloppement a financ\u00e9 des infrastructures essentielles et contribu\u00e9 \u00e0 am\u00e9liorer les conditions de vie &hellip;<\/p>\n","protected":false},"author":2,"featured_media":11317,"comment_status":"open","ping_status":"open","sticky":false,"template":"","format":"standard","meta":{"footnotes":""},"categories":[18,19],"tags":[],"class_list":["post-11316","post","type-post","status-publish","format-standard","has-post-thumbnail","hentry","category-actualites","category-tribune"],"_links":{"self":[{"href":"https:\/\/ladepeche.mr\/index.php?rest_route=\/wp\/v2\/posts\/11316","targetHints":{"allow":["GET"]}}],"collection":[{"href":"https:\/\/ladepeche.mr\/index.php?rest_route=\/wp\/v2\/posts"}],"about":[{"href":"https:\/\/ladepeche.mr\/index.php?rest_route=\/wp\/v2\/types\/post"}],"author":[{"embeddable":true,"href":"https:\/\/ladepeche.mr\/index.php?rest_route=\/wp\/v2\/users\/2"}],"replies":[{"embeddable":true,"href":"https:\/\/ladepeche.mr\/index.php?rest_route=%2Fwp%2Fv2%2Fcomments&post=11316"}],"version-history":[{"count":2,"href":"https:\/\/ladepeche.mr\/index.php?rest_route=\/wp\/v2\/posts\/11316\/revisions"}],"predecessor-version":[{"id":11319,"href":"https:\/\/ladepeche.mr\/index.php?rest_route=\/wp\/v2\/posts\/11316\/revisions\/11319"}],"wp:featuredmedia":[{"embeddable":true,"href":"https:\/\/ladepeche.mr\/index.php?rest_route=\/wp\/v2\/media\/11317"}],"wp:attachment":[{"href":"https:\/\/ladepeche.mr\/index.php?rest_route=%2Fwp%2Fv2%2Fmedia&parent=11316"}],"wp:term":[{"taxonomy":"category","embeddable":true,"href":"https:\/\/ladepeche.mr\/index.php?rest_route=%2Fwp%2Fv2%2Fcategories&post=11316"},{"taxonomy":"post_tag","embeddable":true,"href":"https:\/\/ladepeche.mr\/index.php?rest_route=%2Fwp%2Fv2%2Ftags&post=11316"}],"curies":[{"name":"wp","href":"https:\/\/api.w.org\/{rel}","templated":true}]}}