{"id":11320,"date":"2024-09-11T11:18:35","date_gmt":"2024-09-11T11:18:35","guid":{"rendered":"https:\/\/ladepeche.mr\/?p=11320"},"modified":"2024-09-11T11:18:35","modified_gmt":"2024-09-11T11:18:35","slug":"can-2025-eliminatoires-le-cap-vert-bat-la-mauritanie-2-0","status":"publish","type":"post","link":"https:\/\/ladepeche.mr\/?p=11320","title":{"rendered":"CAN 2025\/\u00e9liminatoires : le Cap-Vert bat la Mauritanie (2-0)"},"content":{"rendered":"<p>L&#8217;\u00e9quipe nationale de football du Cap-Vert a battu mardi \u00e0 Praia celle de la Mauritanie par 2 buts \u00e0 0, en match aller comptant pour le 2e tour du groupe C des \u00e9liminatoires de la Coupe d&#8217;Afrique des nations (CAN) 2025.<\/p>\n<p>Les buts de l&#8217;\u00e9quipe du Cap-Vert, surnomm\u00e9e &#8221;Les Requins bleus&#8221;, ont \u00e9t\u00e9 inscrits par Ryan Mendes.<\/p>\n<p>Le 11 octobre, le Cap-Vert accueillera le Botswana et la Mauritanie affrontera l&#8217;Egypte.<\/p>\n<p>Les deux premi\u00e8res \u00e9quipes du groupe se qualifieront pour la phase finale de la Coupe d&#8217;Afrique des Nations (CAN) qui se jouera en 2025 au Maroc.<\/p>\n<p>xinhua<\/p>\n","protected":false},"excerpt":{"rendered":"<p>L&#8217;\u00e9quipe nationale de football du Cap-Vert a battu mardi \u00e0 Praia celle de la Mauritanie par 2 buts \u00e0 0, en match aller comptant pour le 2e tour du groupe C des \u00e9liminatoires de la Coupe d&#8217;Afrique des nations (CAN) 2025. Les buts de l&#8217;\u00e9quipe du Cap-Vert, surnomm\u00e9e &#8221;Les Requins bleus&#8221;, ont \u00e9t\u00e9 inscrits par &hellip;<\/p>\n","protected":false},"author":2,"featured_media":4893,"comment_status":"open","ping_status":"open","sticky":false,"template":"","format":"standard","meta":{"footnotes":""},"categories":[18,17],"tags":[],"class_list":["post-11320","post","type-post","status-publish","format-standard","has-post-thumbnail","hentry","category-actualites","category-sports"],"_links":{"self":[{"href":"https:\/\/ladepeche.mr\/index.php?rest_route=\/wp\/v2\/posts\/11320","targetHints":{"allow":["GET"]}}],"collection":[{"href":"https:\/\/ladepeche.mr\/index.php?rest_route=\/wp\/v2\/posts"}],"about":[{"href":"https:\/\/ladepeche.mr\/index.php?rest_route=\/wp\/v2\/types\/post"}],"author":[{"embeddable":true,"href":"https:\/\/ladepeche.mr\/index.php?rest_route=\/wp\/v2\/users\/2"}],"replies":[{"embeddable":true,"href":"https:\/\/ladepeche.mr\/index.php?rest_route=%2Fwp%2Fv2%2Fcomments&post=11320"}],"version-history":[{"count":1,"href":"https:\/\/ladepeche.mr\/index.php?rest_route=\/wp\/v2\/posts\/11320\/revisions"}],"predecessor-version":[{"id":11321,"href":"https:\/\/ladepeche.mr\/index.php?rest_route=\/wp\/v2\/posts\/11320\/revisions\/11321"}],"wp:featuredmedia":[{"embeddable":true,"href":"https:\/\/ladepeche.mr\/index.php?rest_route=\/wp\/v2\/media\/4893"}],"wp:attachment":[{"href":"https:\/\/ladepeche.mr\/index.php?rest_route=%2Fwp%2Fv2%2Fmedia&parent=11320"}],"wp:term":[{"taxonomy":"category","embeddable":true,"href":"https:\/\/ladepeche.mr\/index.php?rest_route=%2Fwp%2Fv2%2Fcategories&post=11320"},{"taxonomy":"post_tag","embeddable":true,"href":"https:\/\/ladepeche.mr\/index.php?rest_route=%2Fwp%2Fv2%2Ftags&post=11320"}],"curies":[{"name":"wp","href":"https:\/\/api.w.org\/{rel}","templated":true}]}}