{"id":11322,"date":"2024-09-11T12:30:49","date_gmt":"2024-09-11T12:30:49","guid":{"rendered":"https:\/\/ladepeche.mr\/?p=11322"},"modified":"2024-09-11T21:06:33","modified_gmt":"2024-09-11T21:06:33","slug":"lassemblee-nationale-approuve-le-projet-de-loi-portant-creation-dune-juridiction-specialisee-dans-la-lutte-contre-lesclavage-la-traite-des-etres-humains-et-le-trafic-de-mig","status":"publish","type":"post","link":"https:\/\/ladepeche.mr\/?p=11322","title":{"rendered":"L\u2019AN approuve le projet de loi portant cr\u00e9ation d\u2019une juridiction sp\u00e9cialis\u00e9e dans la lutte contre l\u2019esclavage, la traite des \u00eatres humains et le trafic de migrants"},"content":{"rendered":"<p>L\u2019Assembl\u00e9e nationale a ratifi\u00e9, lors de sa s\u00e9ance pl\u00e9ni\u00e8re tenue mardi soir \u00e0 Nouakchott, sous la pr\u00e9sidence de son pr\u00e9sident, Mohamed Bembe Meguett, un projet de loi qui comprend la cr\u00e9ation d\u2019une juridiction sp\u00e9cialis\u00e9e dans la lutte contre l\u2019esclavage, la traite des personnes et le trafic illicite des migrants.<\/p>\n<p>Le ministre de la Justice, M. Mohamed Mahmoud Ould Abdallah Ould Boya, a expliqu\u00e9 que le projet de loi vise \u00e0 atteindre un ensemble d\u2019objectifs et de principes li\u00e9s au bon fonctionnement de la justice et \u00e0 assurer une plus grande efficacit\u00e9 dans le traitement des affaires d\u2019esclavage, de traite des personnes et de trafic illicite de migrants en introduisant certaines r\u00e9formes dans le nombre, la composition et le fonctionnement des juridictions charg\u00e9es de la lutte contre l\u2019esclavage et les pratiques esclavagistes.<\/p>\n<p>Il a soulign\u00e9 que l\u2019application effective de la loi n\u00b0 2015-031, qui incrimine l\u2019esclavage et r\u00e9prime les pratiques esclavagistes, a r\u00e9v\u00e9l\u00e9 des insuffisances et des lacunes qui limitent son efficacit\u00e9, qu\u2019il convient de traiter et de surmonter.<\/p>\n<p>Il a expliqu\u00e9 que les r\u00e9formes propos\u00e9es visent \u00e0 cr\u00e9er une juridiction sp\u00e9cialis\u00e9e \u00e0 comp\u00e9tence nationale afin d\u2019atteindre plusieurs objectifs, notamment l\u2019harmonisation du syst\u00e8me judiciaire national pour faire face aux ph\u00e9nom\u00e8nes susmentionn\u00e9s, le renforcement du professionnalisme du traitement judiciaire des crimes d\u2019esclavage, de traite des personnes et de trafic de migrants, le renforcement de la protection des droits de l\u2019homme, le rapprochement de la justice p\u00e9nale des citoyens et des victimes de ce type de crimes en particulier, l\u2019\u00e9limination des jurys de la composition de la cour et l\u2019abolition du syst\u00e8me de vote, qui entra\u00eene des responsabilit\u00e9s d\u2019obstruction et de rejet de la responsabilit\u00e9.<\/p>\n<p>Le ministre a soulign\u00e9 que le d\u00e9placement de la juridiction comp\u00e9tente vers le lieu de l\u2019infraction a pour but de faire preuve de s\u00e9rieux et de transmettre des messages rassurants, mais qu\u2019il s\u2019agit en fin de compte d\u2019un choix de la juridiction, qui dispose d\u2019un large \u00e9ventail de consid\u00e9rations et peut le modifier lorsqu\u2019elle estime qu\u2019il peut cr\u00e9er des pressions sur elle.<\/p>\n<p>Il a ajout\u00e9 que l\u2019amendement propos\u00e9 \u00e0 travers ce texte est venu apr\u00e8s l\u2019\u00e9valuation de l\u2019exp\u00e9rience des trois tribunaux sp\u00e9cialis\u00e9s dans la lutte contre l\u2019esclavage, car cette \u00e9valuation a montr\u00e9 une raret\u00e9 des affaires qui leur sont pr\u00e9sent\u00e9es, et l\u2019impact du manque de sp\u00e9cialisation de leurs formations, en plus de certains d\u00e9s\u00e9quilibres dans leurs m\u00e9canismes de travail, ce qui n\u00e9cessite un traitement et une correction.<\/p>\n<p>Les parlementaires, \u00e0 leur tour, ont soulign\u00e9 l\u2019importance de lutter contre tout ce qui peut porter atteinte \u00e0 la coh\u00e9sion et \u00e0 l\u2019unit\u00e9 de la soci\u00e9t\u00e9, en mettant en garde contre la n\u00e9cessit\u00e9 de mettre \u00e0 jour les textes juridiques chaque fois que la pratique en d\u00e9montre le besoin.<\/p>\n<p>Ils ont exprim\u00e9 leur inqui\u00e9tude quant \u00e0 l\u2019impact sur les d\u00e9cisions du tribunal lorsqu\u2019il se d\u00e9place dans la r\u00e9gion o\u00f9 l\u2019infraction relevant de sa comp\u00e9tence a \u00e9t\u00e9 commise, estimant qu\u2019il est pr\u00e9f\u00e9rable de d\u00e9placer les parties au si\u00e8ge du tribunal dans la capitale, de r\u00e9duire le foss\u00e9 entre les composantes sociales, de parvenir \u00e0 l\u2019harmonie sociale et d\u2019\u00e9lever le niveau de vie des groupes vuln\u00e9rables.<\/p>\n<p>Ils ont \u00e9galement abord\u00e9 la n\u00e9cessit\u00e9 de r\u00e9duire la p\u00e9riode d\u2019attente pour les d\u00e9cisions judiciaires relatives aux affaires d\u2019esclavage, de renforcer la stabilit\u00e9 professionnelle de l\u2019organe judiciaire charg\u00e9 de la lutte contre l\u2019esclavage et de lui fournir une formation continue, de clarifier la relation professionnelle entre le parquet au niveau g\u00e9ographique du crime et le parquet comp\u00e9tent, ainsi que la question du vote consultatif, en soulignant la n\u00e9cessit\u00e9 pour les juges de conna\u00eetre les sp\u00e9cificit\u00e9s des composantes sociales et de respecter leurs cultures et leurs m\u00e9thodes d\u2019\u00e9ducation.<\/p>\n<p>Ami<\/p>\n","protected":false},"excerpt":{"rendered":"<p>L\u2019Assembl\u00e9e nationale a ratifi\u00e9, lors de sa s\u00e9ance pl\u00e9ni\u00e8re tenue mardi soir \u00e0 Nouakchott, sous la pr\u00e9sidence de son pr\u00e9sident, Mohamed Bembe Meguett, un projet de loi qui comprend la cr\u00e9ation d\u2019une juridiction sp\u00e9cialis\u00e9e dans la lutte contre l\u2019esclavage, la traite des personnes et le trafic illicite des migrants. Le ministre de la Justice, M. &hellip;<\/p>\n","protected":false},"author":2,"featured_media":11323,"comment_status":"open","ping_status":"open","sticky":false,"template":"","format":"standard","meta":{"footnotes":""},"categories":[18],"tags":[],"class_list":["post-11322","post","type-post","status-publish","format-standard","has-post-thumbnail","hentry","category-actualites"],"_links":{"self":[{"href":"https:\/\/ladepeche.mr\/index.php?rest_route=\/wp\/v2\/posts\/11322","targetHints":{"allow":["GET"]}}],"collection":[{"href":"https:\/\/ladepeche.mr\/index.php?rest_route=\/wp\/v2\/posts"}],"about":[{"href":"https:\/\/ladepeche.mr\/index.php?rest_route=\/wp\/v2\/types\/post"}],"author":[{"embeddable":true,"href":"https:\/\/ladepeche.mr\/index.php?rest_route=\/wp\/v2\/users\/2"}],"replies":[{"embeddable":true,"href":"https:\/\/ladepeche.mr\/index.php?rest_route=%2Fwp%2Fv2%2Fcomments&post=11322"}],"version-history":[{"count":2,"href":"https:\/\/ladepeche.mr\/index.php?rest_route=\/wp\/v2\/posts\/11322\/revisions"}],"predecessor-version":[{"id":11338,"href":"https:\/\/ladepeche.mr\/index.php?rest_route=\/wp\/v2\/posts\/11322\/revisions\/11338"}],"wp:featuredmedia":[{"embeddable":true,"href":"https:\/\/ladepeche.mr\/index.php?rest_route=\/wp\/v2\/media\/11323"}],"wp:attachment":[{"href":"https:\/\/ladepeche.mr\/index.php?rest_route=%2Fwp%2Fv2%2Fmedia&parent=11322"}],"wp:term":[{"taxonomy":"category","embeddable":true,"href":"https:\/\/ladepeche.mr\/index.php?rest_route=%2Fwp%2Fv2%2Fcategories&post=11322"},{"taxonomy":"post_tag","embeddable":true,"href":"https:\/\/ladepeche.mr\/index.php?rest_route=%2Fwp%2Fv2%2Ftags&post=11322"}],"curies":[{"name":"wp","href":"https:\/\/api.w.org\/{rel}","templated":true}]}}