{"id":11325,"date":"2024-09-11T11:58:40","date_gmt":"2024-09-11T11:58:40","guid":{"rendered":"https:\/\/ladepeche.mr\/?p=11325"},"modified":"2024-09-11T12:01:48","modified_gmt":"2024-09-11T12:01:48","slug":"lutte-contre-limmigration-clandestine-le-filet-se-referme-sur-les-migrants","status":"publish","type":"post","link":"https:\/\/ladepeche.mr\/?p=11325","title":{"rendered":"Lutte contre l&#8217;immigration\u00a0clandestine: Le filet se referme sur les migrants"},"content":{"rendered":"<p>Le gouvernement mauritanien est pass\u00e9 \u00e0 l\u2019acte apr\u00e8s avoir exprim\u00e9 son intention de durcir la loi en vue de restreindre et lutter contre l\u2019immigration ill\u00e9gale dans le pays en adoptant mardi des r\u00e9formes plus r\u00e9pressives introduites \u00e0 la loi n\u00b065-046 du 23 f\u00e9vrier 1965.<\/p>\n<p>Le nouveau texte de loi a \u00e9t\u00e9 vot\u00e9 \u00e0 une majorit\u00e9 \u00e9crasante des d\u00e9put\u00e9s pr\u00e9sents \u00e0 l\u2019Assembl\u00e9e Nationale. L\u2019opposition \u00e0 ce texte qui vise notamment l\u2019immigration issue de l\u2019Afrique \u00e9tait inaudible. Aucun d\u00e9bat acharn\u00e9 sur la question n\u2019a v\u00e9ritablement \u00e9merg\u00e9\u00a0compte-tenu de l\u2019h\u00e9g\u00e9monie de la Majorit\u00e9 pr\u00e9sidentielle sous la coupole.<\/p>\n<p>Les r\u00e9formes sur l\u2019ancien texte introduisent des mesures plus s\u00e9v\u00e8res cens\u00e9es combattre le ph\u00e9nom\u00e8ne. Les nouvelles dispositions pr\u00e9voient ainsi diff\u00e9rentes sanctions variant entre hausses drastiques des amendes, l\u2019extension du d\u00e9lai carc\u00e9ral et une possibilit\u00e9 de bannissement du pays pour 10 ans.<\/p>\n<p>Selon le gouvernement, 130.000 immigr\u00e9s sont d\u00e9nombr\u00e9s \u00e0 Nouakchott sans compter ceux install\u00e9s dans les autres grands centres urbains comme Nouadhibou et Zou\u00e9rate au Nord. Les autorit\u00e9s auraient expuls\u00e9s 10.753 au cours des huit derniers mois 2024 soit une hausse de 14% par rapport \u00e0 l\u2019ann\u00e9e 2023 avec plus de 9.000 personnes reconduites aux fronti\u00e8res. La Mauritanie abrite, par ailleurs, plus de 100.000 r\u00e9fugi\u00e9s maliens dans le camp de Mbera, g\u00e9r\u00e9 par l\u2019UNHCR.<\/p>\n<p>&nbsp;<\/p>\n<blockquote class=\"wp-embedded-content\" data-secret=\"m0av1HsyPu\"><p><a href=\"https:\/\/ladepeche.mr\/?p=11289\">Migration ill\u00e9gale: Le Gouvernement mauritanien entend durcir sa l\u00e9gislation<\/a><\/p><\/blockquote>\n<p><iframe loading=\"lazy\" class=\"wp-embedded-content\" sandbox=\"allow-scripts\" security=\"restricted\" style=\"position: absolute; visibility: hidden;\" title=\"\u00ab\u00a0Migration ill\u00e9gale: Le Gouvernement mauritanien entend durcir sa l\u00e9gislation\u00a0\u00bb &#8212; La D\u00e9p\u00eache  de Mauritanie et du Sahel\" src=\"https:\/\/ladepeche.mr\/?p=11289&#038;embed=true#?secret=1YpRmlfnLK#?secret=m0av1HsyPu\" data-secret=\"m0av1HsyPu\" width=\"500\" height=\"282\" frameborder=\"0\" marginwidth=\"0\" marginheight=\"0\" scrolling=\"no\"><\/iframe><\/p>\n<p>Dans les motifs d\u00e9fendus par le Ministre de l\u2019Int\u00e9rieur, de la Promotion de la D\u00e9centralisation et du D\u00e9veloppement Local, M. Mohamed Ahmed Ould Mohamed Lemine a dit que la situation dans le pays l\u2019exposait \u00ab \u00e0 des d\u00e9fis croissants \u00bb justifiant l\u2019organisation, l&#8217;ann\u00e9e derni\u00e8re, d\u2019un recensement des immigr\u00e9s install\u00e9s dans le pays, afin de r\u00e9gulariser leur statut l\u00e9gal, tout en les exon\u00e9rant du paiement des frais de s\u00e9jour. Le responsable mauritanien a encore justifi\u00e9 le durcissement de la loi en raison de l\u2019ampleur grandissante du ph\u00e9nom\u00e8ne et de ses r\u00e9percussions s\u00e9curitaires, sociales et \u00e9conomiques.<\/p>\n<p>Un appel qui semble avoir eu un \u00e9cho favorable chez les d\u00e9put\u00e9s qui font remarquer, \u00e0 leur tour, d\u00e9fis g\u00e9n\u00e9r\u00e9s par l\u2019immigration irr\u00e9guli\u00e8re, proposant m\u00eame \u00ab\u00a0de cr\u00e9er un appareil judiciaire et s\u00e9curitaire sp\u00e9cialis\u00e9\u00a0\u00bb pour prendre en charge le challenge de la lutte contre l\u2019immigration clandestine.<\/p>\n<p>A noter que les autorit\u00e9s politiques du pays ont \u00e9galement sign\u00e9 des accords de lutte conjointe avec l\u2019UE contre l\u2019immigration clandestine via l\u2019Oc\u00e9an Atlantique.<\/p>\n","protected":false},"excerpt":{"rendered":"<p>Le gouvernement mauritanien est pass\u00e9 \u00e0 l\u2019acte apr\u00e8s avoir exprim\u00e9 son intention de durcir la loi en vue de restreindre et lutter contre l\u2019immigration ill\u00e9gale dans le pays en adoptant mardi des r\u00e9formes plus r\u00e9pressives introduites \u00e0 la loi n\u00b065-046 du 23 f\u00e9vrier 1965. Le nouveau texte de loi a \u00e9t\u00e9 vot\u00e9 \u00e0 une majorit\u00e9 &hellip;<\/p>\n","protected":false},"author":2,"featured_media":11326,"comment_status":"open","ping_status":"open","sticky":false,"template":"","format":"standard","meta":{"footnotes":""},"categories":[18],"tags":[],"class_list":["post-11325","post","type-post","status-publish","format-standard","has-post-thumbnail","hentry","category-actualites"],"_links":{"self":[{"href":"https:\/\/ladepeche.mr\/index.php?rest_route=\/wp\/v2\/posts\/11325","targetHints":{"allow":["GET"]}}],"collection":[{"href":"https:\/\/ladepeche.mr\/index.php?rest_route=\/wp\/v2\/posts"}],"about":[{"href":"https:\/\/ladepeche.mr\/index.php?rest_route=\/wp\/v2\/types\/post"}],"author":[{"embeddable":true,"href":"https:\/\/ladepeche.mr\/index.php?rest_route=\/wp\/v2\/users\/2"}],"replies":[{"embeddable":true,"href":"https:\/\/ladepeche.mr\/index.php?rest_route=%2Fwp%2Fv2%2Fcomments&post=11325"}],"version-history":[{"count":2,"href":"https:\/\/ladepeche.mr\/index.php?rest_route=\/wp\/v2\/posts\/11325\/revisions"}],"predecessor-version":[{"id":11328,"href":"https:\/\/ladepeche.mr\/index.php?rest_route=\/wp\/v2\/posts\/11325\/revisions\/11328"}],"wp:featuredmedia":[{"embeddable":true,"href":"https:\/\/ladepeche.mr\/index.php?rest_route=\/wp\/v2\/media\/11326"}],"wp:attachment":[{"href":"https:\/\/ladepeche.mr\/index.php?rest_route=%2Fwp%2Fv2%2Fmedia&parent=11325"}],"wp:term":[{"taxonomy":"category","embeddable":true,"href":"https:\/\/ladepeche.mr\/index.php?rest_route=%2Fwp%2Fv2%2Fcategories&post=11325"},{"taxonomy":"post_tag","embeddable":true,"href":"https:\/\/ladepeche.mr\/index.php?rest_route=%2Fwp%2Fv2%2Ftags&post=11325"}],"curies":[{"name":"wp","href":"https:\/\/api.w.org\/{rel}","templated":true}]}}