{"id":11329,"date":"2024-09-11T13:00:44","date_gmt":"2024-09-11T13:00:44","guid":{"rendered":"https:\/\/ladepeche.mr\/?p=11329"},"modified":"2024-09-11T12:13:15","modified_gmt":"2024-09-11T12:13:15","slug":"arrivee-de-lambassadeur-designe-de-lunion-europeenne-en-mauritanie","status":"publish","type":"post","link":"https:\/\/ladepeche.mr\/?p=11329","title":{"rendered":"Arriv\u00e9e de l\u2019Ambassadeur d\u00e9sign\u00e9 de l\u2019Union europ\u00e9enne en Mauritanie."},"content":{"rendered":"<p>La D\u00e9l\u00e9gation de l\u2019Union europ\u00e9enne a le plaisir d\u2019annoncer l\u2019arriv\u00e9e de S.E. M. Joaqu\u00edn TASSO VILALLONGA, qui a pris fonctions le 5 septembre 2024 en tant qu\u2019Ambassadeur d\u00e9sign\u00e9 de l\u2019Union europ\u00e9enne aupr\u00e8s de la R\u00e9publique Islamique de Mauritanie.<\/p>\n<p>\u00ab Je suis ravi d\u2019\u00eatre en Mauritanie. D\u00e8s mon entr\u00e9e en fonction, je m\u2019att\u00e8lerai \u00e0 la mise en \u0153uvre du partenariat UE-Mauritanie, qui s\u2019est renforc\u00e9 ces derniers mois dans des domaines cl\u00e9s tels que le d\u00e9veloppement \u00e9conomique et social, la p\u00eache, la migration et l\u2019hydrog\u00e8ne vert \u00bb, a d\u00e9clar\u00e9 M. Tasso Vilallonga.<\/p>\n<p>N\u00e9 \u00e0 Madrid (Espagne) en 1966, M. Tasso Vilallonga poss\u00e8de une vaste formation et une riche exp\u00e9rience dans les domaines de la diplomatie, du d\u00e9veloppement et des relations internationales. Apr\u00e8s une licence en Science politique \u00e0 l\u2019Universit\u00e9 Complutense de Madrid, il poursuit ses \u00e9tudes au Coll\u00e8ge d\u2019Europe \u00e0 Bruges, o\u00f9 il obtient un DEA en Politique et Administration europ\u00e9ennes, puis \u00e0 l\u2019Universit\u00e9 de Georgetown \u00e0 Washington DC, o\u00f9 il obtient un Master en Diplomatie (MSc in Foreign Service).<\/p>\n<p>En 2002 M. Tasso Vilallonga rejoint la DG de Coop\u00e9ration au D\u00e9veloppement de la Commission europ\u00e9enne en tant que Gestionnaire des programmes dans le domaine de la Justice et des Affaires int\u00e9rieures (JAI), avant de devenir Coordonnateur de l\u2019\u00e9quipe JAI \u00e0 la D\u00e9l\u00e9gation de la Commission europ\u00e9enne en Albanie (2003-2006), puis Chef de la Section JAI \u00e0 la D\u00e9l\u00e9gation de la Commission europ\u00e9enne en Jordanie et Chef de Coop\u00e9ration avec le Y\u00e9men (2006-2008). De retour \u00e0 Bruxelles, de 2008 \u00e0 2010 il est Chef d\u2019\u00e9quipe de r\u00e9ponse aux crises \u00e0 la DG Relations ext\u00e9rieures de la Commission europ\u00e9enne.<\/p>\n<p>Depuis la cr\u00e9ation du Service europ\u00e9en d\u2019action ext\u00e9rieure (SEAE) en 2010, M. Tasso Vilallonga a occup\u00e9 successivement les fonctions de Chef adjoint de la Division de Politique de s\u00e9curit\u00e9 (2010-2015), Chef adjoint de la Division des Affaires panafricaines (2015-2020) et Ambassadeur de l\u2019Union europ\u00e9enne aupr\u00e8s de la R\u00e9publique togolaise (2020-2024), avant de sa nomination en Mauritanie.<\/p>\n<p>M. Tasso Vilallonga remplace M. Jones, en poste en Mauritanie de 2021 \u00e0 2024.<\/p>\n","protected":false},"excerpt":{"rendered":"<p>La D\u00e9l\u00e9gation de l\u2019Union europ\u00e9enne a le plaisir d\u2019annoncer l\u2019arriv\u00e9e de S.E. M. Joaqu\u00edn TASSO VILALLONGA, qui a pris fonctions le 5 septembre 2024 en tant qu\u2019Ambassadeur d\u00e9sign\u00e9 de l\u2019Union europ\u00e9enne aupr\u00e8s de la R\u00e9publique Islamique de Mauritanie. \u00ab Je suis ravi d\u2019\u00eatre en Mauritanie. D\u00e8s mon entr\u00e9e en fonction, je m\u2019att\u00e8lerai \u00e0 la mise &hellip;<\/p>\n","protected":false},"author":2,"featured_media":11330,"comment_status":"open","ping_status":"open","sticky":false,"template":"","format":"standard","meta":{"footnotes":""},"categories":[18],"tags":[],"class_list":["post-11329","post","type-post","status-publish","format-standard","has-post-thumbnail","hentry","category-actualites"],"_links":{"self":[{"href":"https:\/\/ladepeche.mr\/index.php?rest_route=\/wp\/v2\/posts\/11329","targetHints":{"allow":["GET"]}}],"collection":[{"href":"https:\/\/ladepeche.mr\/index.php?rest_route=\/wp\/v2\/posts"}],"about":[{"href":"https:\/\/ladepeche.mr\/index.php?rest_route=\/wp\/v2\/types\/post"}],"author":[{"embeddable":true,"href":"https:\/\/ladepeche.mr\/index.php?rest_route=\/wp\/v2\/users\/2"}],"replies":[{"embeddable":true,"href":"https:\/\/ladepeche.mr\/index.php?rest_route=%2Fwp%2Fv2%2Fcomments&post=11329"}],"version-history":[{"count":1,"href":"https:\/\/ladepeche.mr\/index.php?rest_route=\/wp\/v2\/posts\/11329\/revisions"}],"predecessor-version":[{"id":11331,"href":"https:\/\/ladepeche.mr\/index.php?rest_route=\/wp\/v2\/posts\/11329\/revisions\/11331"}],"wp:featuredmedia":[{"embeddable":true,"href":"https:\/\/ladepeche.mr\/index.php?rest_route=\/wp\/v2\/media\/11330"}],"wp:attachment":[{"href":"https:\/\/ladepeche.mr\/index.php?rest_route=%2Fwp%2Fv2%2Fmedia&parent=11329"}],"wp:term":[{"taxonomy":"category","embeddable":true,"href":"https:\/\/ladepeche.mr\/index.php?rest_route=%2Fwp%2Fv2%2Fcategories&post=11329"},{"taxonomy":"post_tag","embeddable":true,"href":"https:\/\/ladepeche.mr\/index.php?rest_route=%2Fwp%2Fv2%2Ftags&post=11329"}],"curies":[{"name":"wp","href":"https:\/\/api.w.org\/{rel}","templated":true}]}}