{"id":11339,"date":"2024-09-12T09:15:20","date_gmt":"2024-09-12T09:15:20","guid":{"rendered":"https:\/\/ladepeche.mr\/?p=11339"},"modified":"2024-09-12T09:18:16","modified_gmt":"2024-09-12T09:18:16","slug":"le-ministere-de-leconomie-et-des-finances-organise-un-atelier-sur-les-reformes-structurelles-mises-en-oeuvre-par-notre-pays","status":"publish","type":"post","link":"https:\/\/ladepeche.mr\/?p=11339","title":{"rendered":"Le MEF organise un atelier sur les r\u00e9formes structurelles mises en \u0153uvre par notre pays"},"content":{"rendered":"<p>Le minist\u00e8re de l&#8217;\u00c9conomie et des Finances a organis\u00e9 aujourd&#8217;hui \u00e0 Nouakchott un atelier de sensibilisation sur les programmes \u00e9conomiques et sociaux de la Mauritanie, soutenus par le Fonds Mon\u00e9taire International (FMI). Au cours de cet atelier, les engagements de notre pays avec le FMI ont \u00e9t\u00e9 expos\u00e9s afin de mieux expliquer et sensibiliser sur les r\u00e9formes \u00e9conomiques structurelles en cours, mises en \u0153uvre en collaboration avec le fonds.<\/p>\n<p>Dans son discours d&#8217;ouverture, le Secr\u00e9taire g\u00e9n\u00e9ral du minist\u00e8re de l&#8217;\u00c9conomie et des Finances, M. Yacoub Ould Ahmed A\u00efcha, a d\u00e9clar\u00e9 que cet atelier vise \u00e0 examiner les programmes \u00e9conomiques et sociaux financ\u00e9s par le FMI au profit de la R\u00e9publique Islamique de Mauritanie.<\/p>\n<p>Il a pr\u00e9cis\u00e9 que la Mauritanie a entam\u00e9 des r\u00e9formes structurelles visant \u00e0 \u00e9tablir une \u00e9conomie forte, r\u00e9siliente et durable, en r\u00e9ponse aux attentes l\u00e9gitimes et croissantes des citoyens.<\/p>\n<p>Dans ce cadre, ces programmes visent \u00e0 am\u00e9liorer \u00e0 court terme le cadre budg\u00e9taire, afin de garantir sa durabilit\u00e9 et de r\u00e9duire progressivement l&#8217;endettement de l&#8217;\u00c9tat.<\/p>\n<p>Ils visent \u00e9galement \u00e0 promouvoir une politique mon\u00e9taire et de change plus robuste, tout en introduisant des r\u00e9formes structurelles pour renforcer la gouvernance et la transparence, et am\u00e9liorer le climat des affaires ainsi que l&#8217;inclusion financi\u00e8re.<\/p>\n<p>Concernant l&#8217;accord sur les facilit\u00e9s de r\u00e9silience et de durabilit\u00e9, il permettra de renforcer la r\u00e9silience face aux al\u00e9as climatiques, ainsi que d&#8217;appuyer le cadre de la fonction publique pour une meilleure int\u00e9gration avec les financements officiels et la mobilisation de financements priv\u00e9s.<\/p>\n<p>\u00c0 son tour, le Gouverneur adjoint de la Banque centrale, M. Abou Medyen Ould Taya, a soulign\u00e9 que le partenariat solide avec le FMI et le soutien constant des partenaires au d\u00e9veloppement permettront de b\u00e2tir une \u00e9conomie plus robuste, avec une croissance plus rapide, durable et inclusive. Il a appel\u00e9 \u00e0 saisir cette opportunit\u00e9 pour poser les bases d&#8217;un avenir o\u00f9 stabilit\u00e9 \u00e9conomique et d\u00e9veloppement inclusif se conjugueront avec une transition r\u00e9ussie.<\/p>\n<p>Il a ajout\u00e9 que le programme de facilit\u00e9s de r\u00e9silience et de durabilit\u00e9 met l&#8217;accent sur le renforcement de la capacit\u00e9 d&#8217;adaptation aux chocs climatiques et la transition vers une \u00e9conomie verte et durable. Cette approche int\u00e9gr\u00e9e permettra de faire face aux d\u00e9fis \u00e9conomiques, sociaux et environnementaux auxquels la Mauritanie est confront\u00e9e, ouvrant ainsi la voie \u00e0 une prosp\u00e9rit\u00e9 \u00e0 long terme.<\/p>\n<p>Lors de l&#8217;atelier, plusieurs pr\u00e9sentations ont \u00e9t\u00e9 faites par des experts sur ces diff\u00e9rents programmes, y compris ceux portant sur la gouvernance.<\/p>\n<p>Source MEF<\/p>\n","protected":false},"excerpt":{"rendered":"<p>Le minist\u00e8re de l&#8217;\u00c9conomie et des Finances a organis\u00e9 aujourd&#8217;hui \u00e0 Nouakchott un atelier de sensibilisation sur les programmes \u00e9conomiques et sociaux de la Mauritanie, soutenus par le Fonds Mon\u00e9taire International (FMI). Au cours de cet atelier, les engagements de notre pays avec le FMI ont \u00e9t\u00e9 expos\u00e9s afin de mieux expliquer et sensibiliser sur &hellip;<\/p>\n","protected":false},"author":2,"featured_media":11341,"comment_status":"open","ping_status":"open","sticky":false,"template":"","format":"standard","meta":{"footnotes":""},"categories":[18,2],"tags":[],"class_list":["post-11339","post","type-post","status-publish","format-standard","has-post-thumbnail","hentry","category-actualites","category-economie"],"_links":{"self":[{"href":"https:\/\/ladepeche.mr\/index.php?rest_route=\/wp\/v2\/posts\/11339","targetHints":{"allow":["GET"]}}],"collection":[{"href":"https:\/\/ladepeche.mr\/index.php?rest_route=\/wp\/v2\/posts"}],"about":[{"href":"https:\/\/ladepeche.mr\/index.php?rest_route=\/wp\/v2\/types\/post"}],"author":[{"embeddable":true,"href":"https:\/\/ladepeche.mr\/index.php?rest_route=\/wp\/v2\/users\/2"}],"replies":[{"embeddable":true,"href":"https:\/\/ladepeche.mr\/index.php?rest_route=%2Fwp%2Fv2%2Fcomments&post=11339"}],"version-history":[{"count":2,"href":"https:\/\/ladepeche.mr\/index.php?rest_route=\/wp\/v2\/posts\/11339\/revisions"}],"predecessor-version":[{"id":11342,"href":"https:\/\/ladepeche.mr\/index.php?rest_route=\/wp\/v2\/posts\/11339\/revisions\/11342"}],"wp:featuredmedia":[{"embeddable":true,"href":"https:\/\/ladepeche.mr\/index.php?rest_route=\/wp\/v2\/media\/11341"}],"wp:attachment":[{"href":"https:\/\/ladepeche.mr\/index.php?rest_route=%2Fwp%2Fv2%2Fmedia&parent=11339"}],"wp:term":[{"taxonomy":"category","embeddable":true,"href":"https:\/\/ladepeche.mr\/index.php?rest_route=%2Fwp%2Fv2%2Fcategories&post=11339"},{"taxonomy":"post_tag","embeddable":true,"href":"https:\/\/ladepeche.mr\/index.php?rest_route=%2Fwp%2Fv2%2Ftags&post=11339"}],"curies":[{"name":"wp","href":"https:\/\/api.w.org\/{rel}","templated":true}]}}