{"id":11343,"date":"2024-09-12T10:48:33","date_gmt":"2024-09-12T10:48:33","guid":{"rendered":"https:\/\/ladepeche.mr\/?p=11343"},"modified":"2024-09-15T17:19:46","modified_gmt":"2024-09-15T17:19:46","slug":"la-mauritanie-pres-de-5-millions-dhabitants-dont-53-ont-moins-de-20-ans","status":"publish","type":"post","link":"https:\/\/ladepeche.mr\/?p=11343","title":{"rendered":"La Mauritanie: Pr\u00e8s de 5 millions d&#8217;habitants dont 53% de moins de 20 ans"},"content":{"rendered":"<p>La population totale de la Mauritanie a connu un l\u00e9ger bon fr\u00f4lant les 5 millions d\u2019habitants (en plus des \u00e9trangers y r\u00e9sidant) r\u00e9v\u00e8lent les donn\u00e9es du dernier recensement g\u00e9n\u00e9ral de la population et de l\u2019habitat organis\u00e9 du 25 d\u00e9cembre 2023 au 9 janvier par l\u2019Agence nationale de la statistique, de l\u2019analyse d\u00e9mographique et \u00e9conomique (ANSADE).<\/p>\n<p>Ces chiffres ont \u00e9t\u00e9 avanc\u00e9s par le ministre de l\u2019\u00e9conomie et des finances, Sid\u2019Ahmed Ould Bouh, \u00e0 l\u2019issue des travaux du dernier conseil des ministres qui expliquent que le recensement d\u00e9mographique et de l\u2019habitat est un outil d\u2019aide \u00e0 la d\u00e9cision dans les politiques publiques. Il en a salu\u00e9 la rigueur et la transparence du processus.<\/p>\n<p>Selon le ministre, citant les premiers enseignements de ce 5\u00e8me recensement, effectu\u00e9 tous les 10 ans, la population totale du pays aurait atteint 4 927 532 habitants dont 53% ont moins de 20 ans repr\u00e9sentent 53% et o\u00f9 les femmes repr\u00e9senteraient 51% de la population recens\u00e9e. Il y a dix ans la population mauritanienne \u00e9tait de 3 537\u00a0368 habitants.<\/p>\n<p>Le ministre note, par ailleurs, que la population en zone rurale a baiss\u00e9 avec l\u2019\u00e9mergence des regroupements moins \u00e9pars constitu\u00e9s de 5000 habitants<\/p>\n<p>Le ministre a enfin soulign\u00e9 qu\u2019une plateforme \u00e9lectronique avec acc\u00e8s libre aux donn\u00e9es sera inaugur\u00e9e d\u00e8s la semaine prochaine pour permettre \u00e0 tous et notamment aux sp\u00e9cialistes et chercheurs d\u2019en tirer les \u00e9l\u00e9ments d\u2019analyses.<\/p>\n","protected":false},"excerpt":{"rendered":"<p>La population totale de la Mauritanie a connu un l\u00e9ger bon fr\u00f4lant les 5 millions d\u2019habitants (en plus des \u00e9trangers y r\u00e9sidant) r\u00e9v\u00e8lent les donn\u00e9es du dernier recensement g\u00e9n\u00e9ral de la population et de l\u2019habitat organis\u00e9 du 25 d\u00e9cembre 2023 au 9 janvier par l\u2019Agence nationale de la statistique, de l\u2019analyse d\u00e9mographique et \u00e9conomique (ANSADE). &hellip;<\/p>\n","protected":false},"author":2,"featured_media":11344,"comment_status":"open","ping_status":"open","sticky":false,"template":"","format":"standard","meta":{"footnotes":""},"categories":[18,2],"tags":[],"class_list":["post-11343","post","type-post","status-publish","format-standard","has-post-thumbnail","hentry","category-actualites","category-economie"],"_links":{"self":[{"href":"https:\/\/ladepeche.mr\/index.php?rest_route=\/wp\/v2\/posts\/11343","targetHints":{"allow":["GET"]}}],"collection":[{"href":"https:\/\/ladepeche.mr\/index.php?rest_route=\/wp\/v2\/posts"}],"about":[{"href":"https:\/\/ladepeche.mr\/index.php?rest_route=\/wp\/v2\/types\/post"}],"author":[{"embeddable":true,"href":"https:\/\/ladepeche.mr\/index.php?rest_route=\/wp\/v2\/users\/2"}],"replies":[{"embeddable":true,"href":"https:\/\/ladepeche.mr\/index.php?rest_route=%2Fwp%2Fv2%2Fcomments&post=11343"}],"version-history":[{"count":3,"href":"https:\/\/ladepeche.mr\/index.php?rest_route=\/wp\/v2\/posts\/11343\/revisions"}],"predecessor-version":[{"id":11394,"href":"https:\/\/ladepeche.mr\/index.php?rest_route=\/wp\/v2\/posts\/11343\/revisions\/11394"}],"wp:featuredmedia":[{"embeddable":true,"href":"https:\/\/ladepeche.mr\/index.php?rest_route=\/wp\/v2\/media\/11344"}],"wp:attachment":[{"href":"https:\/\/ladepeche.mr\/index.php?rest_route=%2Fwp%2Fv2%2Fmedia&parent=11343"}],"wp:term":[{"taxonomy":"category","embeddable":true,"href":"https:\/\/ladepeche.mr\/index.php?rest_route=%2Fwp%2Fv2%2Fcategories&post=11343"},{"taxonomy":"post_tag","embeddable":true,"href":"https:\/\/ladepeche.mr\/index.php?rest_route=%2Fwp%2Fv2%2Ftags&post=11343"}],"curies":[{"name":"wp","href":"https:\/\/api.w.org\/{rel}","templated":true}]}}