{"id":11354,"date":"2024-09-14T09:50:11","date_gmt":"2024-09-14T09:50:11","guid":{"rendered":"https:\/\/ladepeche.mr\/?p=11354"},"modified":"2024-09-14T09:50:11","modified_gmt":"2024-09-14T09:50:11","slug":"loms-approuve-le-premier-vaccin-contre-le-mpox","status":"publish","type":"post","link":"https:\/\/ladepeche.mr\/?p=11354","title":{"rendered":"L\u2019OMS approuve le premier vaccin contre le mpox"},"content":{"rendered":"<p><strong>L\u2019Organisation mondiale de la sant\u00e9 (OMS) a pr\u00e9qualifi\u00e9 le vaccin MVA-BN destin\u00e9 \u00e0 lutter contre l\u2019\u00e9pid\u00e9mie de mpox qui frappe actuellement une partie du continent africain, a annonc\u00e9 l\u2019agence onusienne.<\/strong><\/p>\n<p><em>\u00ab\u00a0Cette premi\u00e8re pr\u00e9qualification d\u2019un vaccin contre le mpox est une \u00e9tape importante dans notre lutte contre la maladie, \u00e0 la fois dans le contexte des \u00e9pid\u00e9mies actuelles en Afrique et \u00e0 l\u2019avenir\u00a0\u00bb<\/em>, a d\u00e9clar\u00e9 le directeur g\u00e9n\u00e9ral de l\u2019OMS, le Dr Tedros Adhanom Ghebreyesus, cit\u00e9 dans un communiqu\u00e9.<\/p>\n<p>La pr\u00e9qualification de ce s\u00e9rum par l\u2019OMS permet aux agences sp\u00e9cialis\u00e9es de l\u2019ONU, comme l\u2019Alliance du vaccin et l\u2019agence pour l\u2019enfance Unicef, mais aussi des gouvernements d\u2019acc\u00e9l\u00e9rer les commandes.<\/p>\n<p>Cela \u00ab\u00a0<em>va aider les communaut\u00e9s qui sont en premi\u00e8re ligne de la situation d\u2019urgence en Afrique et au-del\u00e0\u00a0\u00bb,<\/em>\u00a0a d\u00e9clar\u00e9 la Dre Yukiko Nakatani, sous-directrice g\u00e9n\u00e9rale de l\u2019OMS pour l\u2019acc\u00e8s aux m\u00e9dicaments et aux produits de sant\u00e9.<\/p>\n<blockquote class=\"wp-embedded-content\" data-secret=\"tgqJHiKiY3\"><p><a href=\"https:\/\/www.h24info.ma\/\">Accueil<\/a><\/p><\/blockquote>\n<p><iframe loading=\"lazy\" class=\"wp-embedded-content\" sandbox=\"allow-scripts\" security=\"restricted\" style=\"position: absolute; visibility: hidden;\" title=\"\u00ab\u00a0Accueil\u00a0\u00bb &#8212; H24info\" src=\"https:\/\/www.h24info.ma\/embed\/#?secret=Qm0dbIc6ze#?secret=tgqJHiKiY3\" data-secret=\"tgqJHiKiY3\" width=\"500\" height=\"282\" frameborder=\"0\" marginwidth=\"0\" marginheight=\"0\" scrolling=\"no\"><\/iframe><\/p>\n","protected":false},"excerpt":{"rendered":"<p>L\u2019Organisation mondiale de la sant\u00e9 (OMS) a pr\u00e9qualifi\u00e9 le vaccin MVA-BN destin\u00e9 \u00e0 lutter contre l\u2019\u00e9pid\u00e9mie de mpox qui frappe actuellement une partie du continent africain, a annonc\u00e9 l\u2019agence onusienne. \u00ab\u00a0Cette premi\u00e8re pr\u00e9qualification d\u2019un vaccin contre le mpox est une \u00e9tape importante dans notre lutte contre la maladie, \u00e0 la fois dans le contexte des &hellip;<\/p>\n","protected":false},"author":2,"featured_media":11355,"comment_status":"open","ping_status":"open","sticky":false,"template":"","format":"standard","meta":{"footnotes":""},"categories":[18,29,27],"tags":[],"class_list":["post-11354","post","type-post","status-publish","format-standard","has-post-thumbnail","hentry","category-actualites","category-monde","category-sante"],"_links":{"self":[{"href":"https:\/\/ladepeche.mr\/index.php?rest_route=\/wp\/v2\/posts\/11354","targetHints":{"allow":["GET"]}}],"collection":[{"href":"https:\/\/ladepeche.mr\/index.php?rest_route=\/wp\/v2\/posts"}],"about":[{"href":"https:\/\/ladepeche.mr\/index.php?rest_route=\/wp\/v2\/types\/post"}],"author":[{"embeddable":true,"href":"https:\/\/ladepeche.mr\/index.php?rest_route=\/wp\/v2\/users\/2"}],"replies":[{"embeddable":true,"href":"https:\/\/ladepeche.mr\/index.php?rest_route=%2Fwp%2Fv2%2Fcomments&post=11354"}],"version-history":[{"count":1,"href":"https:\/\/ladepeche.mr\/index.php?rest_route=\/wp\/v2\/posts\/11354\/revisions"}],"predecessor-version":[{"id":11356,"href":"https:\/\/ladepeche.mr\/index.php?rest_route=\/wp\/v2\/posts\/11354\/revisions\/11356"}],"wp:featuredmedia":[{"embeddable":true,"href":"https:\/\/ladepeche.mr\/index.php?rest_route=\/wp\/v2\/media\/11355"}],"wp:attachment":[{"href":"https:\/\/ladepeche.mr\/index.php?rest_route=%2Fwp%2Fv2%2Fmedia&parent=11354"}],"wp:term":[{"taxonomy":"category","embeddable":true,"href":"https:\/\/ladepeche.mr\/index.php?rest_route=%2Fwp%2Fv2%2Fcategories&post=11354"},{"taxonomy":"post_tag","embeddable":true,"href":"https:\/\/ladepeche.mr\/index.php?rest_route=%2Fwp%2Fv2%2Ftags&post=11354"}],"curies":[{"name":"wp","href":"https:\/\/api.w.org\/{rel}","templated":true}]}}