{"id":11357,"date":"2024-09-14T10:05:13","date_gmt":"2024-09-14T10:05:13","guid":{"rendered":"https:\/\/ladepeche.mr\/?p=11357"},"modified":"2024-09-14T10:05:13","modified_gmt":"2024-09-14T10:05:13","slug":"ministere-de-leconomie-et-des-finances-communique-de-presse","status":"publish","type":"post","link":"https:\/\/ladepeche.mr\/?p=11357","title":{"rendered":"Minist\u00e8re de l&#8217;\u00c9conomie et des Finances: Communiqu\u00e9 de presse"},"content":{"rendered":"<p>Dans le cadre de la mise en \u0153uvre des instructions fermes de Son Excellence le Pr\u00e9sident de la R\u00e9publique, Monsieur Mohamed Ould Cheikh El Ghazouani, concernant la n\u00e9cessit\u00e9 d&#8217;acc\u00e9l\u00e9rer et d&#8217;am\u00e9liorer la performance dans l&#8217;ex\u00e9cution des projets, et conform\u00e9ment aux directives du Gouvernement du Premier Ministre, M. Mokhtar Ould Diay, le ministre de l&#8217;\u00c9conomie et des Finances, M. Sid&#8217; Ahmed Ould Bouh, a tenu, ce vendredi apr\u00e8s-midi, une r\u00e9union avec les coordinateurs de projets au niveau des diff\u00e9rents minist\u00e8res. Cette r\u00e9union avait pour objectif de mettre en place un nouveau m\u00e9canisme visant \u00e0 mettre un terme aux lenteurs qui affectent l&#8217;ex\u00e9cution de nombreux projets, afin de garantir une am\u00e9lioration de l&#8217;efficacit\u00e9 et d&#8217;avoir un impact positif sur la vie des citoyens b\u00e9n\u00e9ficiaires de ces projets.<\/p>\n<p>\u00c0 l&#8217;entame de la r\u00e9union, le ministre a rappel\u00e9 aux participants qu&#8217;il y a un an, Son Excellence le Pr\u00e9sident de la R\u00e9publique avait pr\u00e9sid\u00e9 une r\u00e9union pour identifier les causes des difficult\u00e9s rencontr\u00e9es par certains projets, qu&#8217;ils soient financ\u00e9s nationalement ou par des partenaires internationaux, visant \u00e0 atteindre le d\u00e9veloppement et le bien-\u00eatre du peuple mauritanien. Il est inadmissible que ces projets rencontrent des obstacles malgr\u00e9 la disponibilit\u00e9 des ressources financi\u00e8res et humaines, repr\u00e9sent\u00e9es aujourd&#8217;hui par des comp\u00e9tences parmi les meilleures du pays, alors que des probl\u00e8mes subsistent, emp\u00eachant d&#8217;atteindre les r\u00e9sultats escompt\u00e9s. Cette r\u00e9union a permis de mettre en place un m\u00e9canisme p\u00e9riodique pour informer le Gouvernement de l&#8217;avancement dans l&#8217;ex\u00e9cution de ces projets.<\/p>\n<p>Au cours de la r\u00e9union, l&#8217;\u00e9tat d&#8217;avancement des projets a \u00e9t\u00e9 examin\u00e9, ainsi que les d\u00e9fis rencontr\u00e9s \u00e0 travers l&#8217;identification des points de faiblesse et des dysfonctionnements. Des discussions ont eu lieu sur les mesures n\u00e9cessaires pour surmonter les obstacles entravant l&#8217;efficacit\u00e9 de certains projets de d\u00e9veloppement.<\/p>\n<p>Une \u00e9valuation pr\u00e9liminaire des projets a \u00e9galement \u00e9t\u00e9 effectu\u00e9e, permettant de v\u00e9rifier leur avancement par rapport aux objectifs fix\u00e9s et de corriger les \u00e9carts observ\u00e9s.<\/p>\n<p>Les mesures n\u00e9cessaires pour r\u00e9former l&#8217;ex\u00e9cution des projets et programmes de d\u00e9veloppement ont \u00e9t\u00e9 examin\u00e9es, le ministre ayant pr\u00e9cis\u00e9 que leur financement par des accords de financement entre la Mauritanie et ses partenaires au d\u00e9veloppement doit exclusivement servir au processus de d\u00e9veloppement. Il a soulign\u00e9 qu&#8217;il est inconcevable que ces ressources soient utilis\u00e9es \u00e0 des fins autres que celles pr\u00e9vues, telles que les salaires, les v\u00e9hicules pour usage priv\u00e9, le mobilier de bureau et les contrats fictifs.<\/p>\n<p>Enfin, il a \u00e9t\u00e9 d\u00e9cid\u00e9 de mettre en place un m\u00e9canisme d&#8217;\u00e9valuation interm\u00e9diaire des projets, en tenant compte des sp\u00e9cificit\u00e9s de chaque projet selon son secteur. Les coordinateurs de projets ont \u00e9t\u00e9 charg\u00e9s de faire parvenir d&#8217;urgence au Minist\u00e8re de l&#8217;\u00c9conomie et des Finances les mesures prises pour assainir le portefeuille des projets de d\u00e9veloppement et \u00e9liminer les causes de blocage. Monsieur le ministre a \u00e9galement insist\u00e9 sur le fait que tout manquement \u00e0 la prise de mesures correctives imm\u00e9diates ne serait pas tol\u00e9r\u00e9.<\/p>\n<p>Nouakchott, le 13 septembre 2024<\/p>\n","protected":false},"excerpt":{"rendered":"<p>Dans le cadre de la mise en \u0153uvre des instructions fermes de Son Excellence le Pr\u00e9sident de la R\u00e9publique, Monsieur Mohamed Ould Cheikh El Ghazouani, concernant la n\u00e9cessit\u00e9 d&#8217;acc\u00e9l\u00e9rer et d&#8217;am\u00e9liorer la performance dans l&#8217;ex\u00e9cution des projets, et conform\u00e9ment aux directives du Gouvernement du Premier Ministre, M. Mokhtar Ould Diay, le ministre de l&#8217;\u00c9conomie et &hellip;<\/p>\n","protected":false},"author":2,"featured_media":11358,"comment_status":"open","ping_status":"open","sticky":false,"template":"","format":"standard","meta":{"footnotes":""},"categories":[18,2,19],"tags":[],"class_list":["post-11357","post","type-post","status-publish","format-standard","has-post-thumbnail","hentry","category-actualites","category-economie","category-tribune"],"_links":{"self":[{"href":"https:\/\/ladepeche.mr\/index.php?rest_route=\/wp\/v2\/posts\/11357","targetHints":{"allow":["GET"]}}],"collection":[{"href":"https:\/\/ladepeche.mr\/index.php?rest_route=\/wp\/v2\/posts"}],"about":[{"href":"https:\/\/ladepeche.mr\/index.php?rest_route=\/wp\/v2\/types\/post"}],"author":[{"embeddable":true,"href":"https:\/\/ladepeche.mr\/index.php?rest_route=\/wp\/v2\/users\/2"}],"replies":[{"embeddable":true,"href":"https:\/\/ladepeche.mr\/index.php?rest_route=%2Fwp%2Fv2%2Fcomments&post=11357"}],"version-history":[{"count":1,"href":"https:\/\/ladepeche.mr\/index.php?rest_route=\/wp\/v2\/posts\/11357\/revisions"}],"predecessor-version":[{"id":11359,"href":"https:\/\/ladepeche.mr\/index.php?rest_route=\/wp\/v2\/posts\/11357\/revisions\/11359"}],"wp:featuredmedia":[{"embeddable":true,"href":"https:\/\/ladepeche.mr\/index.php?rest_route=\/wp\/v2\/media\/11358"}],"wp:attachment":[{"href":"https:\/\/ladepeche.mr\/index.php?rest_route=%2Fwp%2Fv2%2Fmedia&parent=11357"}],"wp:term":[{"taxonomy":"category","embeddable":true,"href":"https:\/\/ladepeche.mr\/index.php?rest_route=%2Fwp%2Fv2%2Fcategories&post=11357"},{"taxonomy":"post_tag","embeddable":true,"href":"https:\/\/ladepeche.mr\/index.php?rest_route=%2Fwp%2Fv2%2Ftags&post=11357"}],"curies":[{"name":"wp","href":"https:\/\/api.w.org\/{rel}","templated":true}]}}