{"id":11370,"date":"2024-09-14T12:45:03","date_gmt":"2024-09-14T12:45:03","guid":{"rendered":"https:\/\/ladepeche.mr\/?p=11370"},"modified":"2024-09-14T12:20:37","modified_gmt":"2024-09-14T12:20:37","slug":"tiris-zemmour-ira-mauritanie-denonce-un-blanchiment-dun-cas-desclave","status":"publish","type":"post","link":"https:\/\/ladepeche.mr\/?p=11370","title":{"rendered":"Tiris-Zemmour: Ira-Mauritanie d\u00e9nonce un \u00ab\u00a0blanchiment\u00a0\u00bb d&#8217;un cas d\u2019esclavage"},"content":{"rendered":"<p>Dans une note d\u2019information en date du 13 septembre 2024, l\u2019Ong Ira-Mauritanie accuse un couple (Maima et Baba Mohamed) de d\u00e9tenir un esclave en remis en guise de \u00ab\u00a0dot\u00a0\u00bb par les parents de l\u2019\u00e9poux \u00e0 leur bru, \u00e0 l\u2019occasion d\u2019une visite que celle-ci leur aurait rendu \u00e0 Galb Jmel, \u00ab\u00a0localit\u00e9, proche du d\u00e9partement de Oualata, \u00e0 200 km de N\u00e9ma, chef-lieu de la r\u00e9gion du Hodh Charghi, pr\u00e8s du Mali, est situ\u00e9e \u00e0 1200 km de Nouakchott&#8230;\u00a0\u00bb. Le jeune pr\u00e9sum\u00e9 esclave r\u00e9pondrait au nom de Barka Ahmed.<\/p>\n<p>Selon Ira-Mauritanie, le couple r\u00e9siderait \u00e0 Zou\u00e9rate dans la capitale du Tiris Zemmour. \u00ab\u00a0Apr\u00e8s investigation et recoupements, une d\u00e9l\u00e9gation d\u2019activistes s\u2019est rendue, au commissariat de police, le 14\/08\/2024, pour d\u00e9noncer une suspicion de crime. Suite ) cette d\u00e9nonciation, \u00ab\u00a0imm\u00e9diatement, le couple a \u00e9t\u00e9 mis aux arr\u00eats\u00a0\u00bb souligne Ira dans sa note d\u2019information tout pr\u00e9cisant que \u00ab\u00a0le Procureur Mohamed Vall Mouchteba et le Commissaire<br \/>\nMohamed Mahmoud Tiyib Bowba ont t\u00e9moign\u00e9 beaucoup de complaisance aux pr\u00e9venus ; ainsi, permettaient-ils, \u00e0 madame, de passer la nuit chez elle avant de revenir le lendemain.<br \/>\nLe g\u00e9niteur de Barka Ahmed \u00ab\u00a0pr\u00e9tendit avoir confi\u00e9 son fils, \u00e0 des bienfaiteurs qui devaient le mettre \u00e0 l\u2019\u00e9cole\u00a0\u00bb pr\u00e9cise la note. Mais que le \u00ab\u00a0procureur, sceptique, ordonna d\u2019accorder, \u00e0 l\u2019Inspection des affaires sociales, la garde de Barka Ahmed, sous la supervision du p\u00e8re\u00a0\u00bb.<\/p>\n<p>\u00ab\u00a0Mais le 22\/08\/2024, le procureur d\u00e9cida de placer, ce dernier, sous contr\u00f4le judiciaire et le renvoya \u00e0 N\u00e9ma. En revanche et contre toute logique, il fit lib\u00e9rer le couple, sans explication\u00a0\u00bb ajoute Ira-Mauritanie qui accuse les autorit\u00e9s administratives et religieuses de manigance dans les affaires d\u2019esclavage dans le pays.<\/p>\n","protected":false},"excerpt":{"rendered":"<p>Dans une note d\u2019information en date du 13 septembre 2024, l\u2019Ong Ira-Mauritanie accuse un couple (Maima et Baba Mohamed) de d\u00e9tenir un esclave en remis en guise de \u00ab\u00a0dot\u00a0\u00bb par les parents de l\u2019\u00e9poux \u00e0 leur bru, \u00e0 l\u2019occasion d\u2019une visite que celle-ci leur aurait rendu \u00e0 Galb Jmel, \u00ab\u00a0localit\u00e9, proche du d\u00e9partement de Oualata, &hellip;<\/p>\n","protected":false},"author":2,"featured_media":11371,"comment_status":"open","ping_status":"open","sticky":false,"template":"","format":"standard","meta":{"footnotes":""},"categories":[18],"tags":[],"class_list":["post-11370","post","type-post","status-publish","format-standard","has-post-thumbnail","hentry","category-actualites"],"_links":{"self":[{"href":"https:\/\/ladepeche.mr\/index.php?rest_route=\/wp\/v2\/posts\/11370","targetHints":{"allow":["GET"]}}],"collection":[{"href":"https:\/\/ladepeche.mr\/index.php?rest_route=\/wp\/v2\/posts"}],"about":[{"href":"https:\/\/ladepeche.mr\/index.php?rest_route=\/wp\/v2\/types\/post"}],"author":[{"embeddable":true,"href":"https:\/\/ladepeche.mr\/index.php?rest_route=\/wp\/v2\/users\/2"}],"replies":[{"embeddable":true,"href":"https:\/\/ladepeche.mr\/index.php?rest_route=%2Fwp%2Fv2%2Fcomments&post=11370"}],"version-history":[{"count":2,"href":"https:\/\/ladepeche.mr\/index.php?rest_route=\/wp\/v2\/posts\/11370\/revisions"}],"predecessor-version":[{"id":11374,"href":"https:\/\/ladepeche.mr\/index.php?rest_route=\/wp\/v2\/posts\/11370\/revisions\/11374"}],"wp:featuredmedia":[{"embeddable":true,"href":"https:\/\/ladepeche.mr\/index.php?rest_route=\/wp\/v2\/media\/11371"}],"wp:attachment":[{"href":"https:\/\/ladepeche.mr\/index.php?rest_route=%2Fwp%2Fv2%2Fmedia&parent=11370"}],"wp:term":[{"taxonomy":"category","embeddable":true,"href":"https:\/\/ladepeche.mr\/index.php?rest_route=%2Fwp%2Fv2%2Fcategories&post=11370"},{"taxonomy":"post_tag","embeddable":true,"href":"https:\/\/ladepeche.mr\/index.php?rest_route=%2Fwp%2Fv2%2Ftags&post=11370"}],"curies":[{"name":"wp","href":"https:\/\/api.w.org\/{rel}","templated":true}]}}