{"id":11375,"date":"2024-09-14T13:30:05","date_gmt":"2024-09-14T13:30:05","guid":{"rendered":"https:\/\/ladepeche.mr\/?p=11375"},"modified":"2024-09-14T14:43:57","modified_gmt":"2024-09-14T14:43:57","slug":"banques-lagence-societe-generale-de-seylibay-dans-la-tourmente","status":"publish","type":"post","link":"https:\/\/ladepeche.mr\/?p=11375","title":{"rendered":"Banques\u00a0: L\u2019agence Soci\u00e9t\u00e9 G\u00e9n\u00e9rale de Seylibay dans la tourmente"},"content":{"rendered":"<p>Le moins que l\u2019on puisse dire est que l\u2019arrestation du chef d\u2019agence de la Soci\u00e9t\u00e9 G\u00e9n\u00e9rale et de son comptable \u00e0 Saylibaby (r\u00e9gion du Ghidimagha, sud du pays) a \u00e9t\u00e9 muscl\u00e9e avec leur interpellation par la police suite \u00e0 la plainte d\u2019un client qui argue que son d\u00e9couvert aupr\u00e8s de cette banque enregistre un d\u00e9ficit de 30 millions d\u2019ouguyas anciens, rapportent samedi nos confr\u00e8res de Al Akhbar.<\/p>\n<p>Les deux hommes, responsables de la gestion des comptes des clients, seraient actuellement entre les mains des limiers de la police pour enqu\u00eate plus pouss\u00e9e.<\/p>\n<p>Aucune r\u00e9action de ladite banque du groupe fran\u00e7ais n\u2019est enregistr\u00e9e sur cet incident note-t-on enfin de journ\u00e9e.<\/p>\n<p>La Soci\u00e9t\u00e9 g\u00e9n\u00e9rale du groupe fran\u00e7ais, implant\u00e9 depuis 2007, dans notre pays, pr\u00e9pare depuis quelques temps son retrait \u00a0de quatre pays africains dont le n\u00f4tre.<\/p>\n","protected":false},"excerpt":{"rendered":"<p>Le moins que l\u2019on puisse dire est que l\u2019arrestation du chef d\u2019agence de la Soci\u00e9t\u00e9 G\u00e9n\u00e9rale et de son comptable \u00e0 Saylibaby (r\u00e9gion du Ghidimagha, sud du pays) a \u00e9t\u00e9 muscl\u00e9e avec leur interpellation par la police suite \u00e0 la plainte d\u2019un client qui argue que son d\u00e9couvert aupr\u00e8s de cette banque enregistre un d\u00e9ficit &hellip;<\/p>\n","protected":false},"author":2,"featured_media":11376,"comment_status":"open","ping_status":"open","sticky":false,"template":"","format":"standard","meta":{"footnotes":""},"categories":[18,2],"tags":[],"class_list":["post-11375","post","type-post","status-publish","format-standard","has-post-thumbnail","hentry","category-actualites","category-economie"],"_links":{"self":[{"href":"https:\/\/ladepeche.mr\/index.php?rest_route=\/wp\/v2\/posts\/11375","targetHints":{"allow":["GET"]}}],"collection":[{"href":"https:\/\/ladepeche.mr\/index.php?rest_route=\/wp\/v2\/posts"}],"about":[{"href":"https:\/\/ladepeche.mr\/index.php?rest_route=\/wp\/v2\/types\/post"}],"author":[{"embeddable":true,"href":"https:\/\/ladepeche.mr\/index.php?rest_route=\/wp\/v2\/users\/2"}],"replies":[{"embeddable":true,"href":"https:\/\/ladepeche.mr\/index.php?rest_route=%2Fwp%2Fv2%2Fcomments&post=11375"}],"version-history":[{"count":2,"href":"https:\/\/ladepeche.mr\/index.php?rest_route=\/wp\/v2\/posts\/11375\/revisions"}],"predecessor-version":[{"id":11378,"href":"https:\/\/ladepeche.mr\/index.php?rest_route=\/wp\/v2\/posts\/11375\/revisions\/11378"}],"wp:featuredmedia":[{"embeddable":true,"href":"https:\/\/ladepeche.mr\/index.php?rest_route=\/wp\/v2\/media\/11376"}],"wp:attachment":[{"href":"https:\/\/ladepeche.mr\/index.php?rest_route=%2Fwp%2Fv2%2Fmedia&parent=11375"}],"wp:term":[{"taxonomy":"category","embeddable":true,"href":"https:\/\/ladepeche.mr\/index.php?rest_route=%2Fwp%2Fv2%2Fcategories&post=11375"},{"taxonomy":"post_tag","embeddable":true,"href":"https:\/\/ladepeche.mr\/index.php?rest_route=%2Fwp%2Fv2%2Ftags&post=11375"}],"curies":[{"name":"wp","href":"https:\/\/api.w.org\/{rel}","templated":true}]}}