{"id":11381,"date":"2024-09-15T12:14:52","date_gmt":"2024-09-15T12:14:52","guid":{"rendered":"https:\/\/ladepeche.mr\/?p=11381"},"modified":"2024-09-15T12:14:52","modified_gmt":"2024-09-15T12:14:52","slug":"communique-du-mecanisme-national-de-prevention-de-la-torture-mnp-sur-un-cas-presume-de-torture","status":"publish","type":"post","link":"https:\/\/ladepeche.mr\/?p=11381","title":{"rendered":"Communiqu\u00e9 du M\u00e9canisme National de Pr\u00e9vention de la Torture (MNP) sur un cas pr\u00e9sum\u00e9 de torture"},"content":{"rendered":"<p>Le pr\u00e9sident du M\u00e9canisme national de pr\u00e9vention de la torture (MNP), M. El Bekaye Abdelmalek, a tenu une conf\u00e9rence de presse, vendredi soir, \u00e0 Nouakchott, faisant la lumi\u00e8re sur ce qui a circul\u00e9 sur les m\u00e9dias sociaux au sujet d\u2019un cas pr\u00e9sum\u00e9 de torture.<\/p>\n<p>Dans une d\u00e9claration lue au cours de la conf\u00e9rence de presse, le pr\u00e9sident du M\u00e9canisme a indiqu\u00e9 que les investigations men\u00e9es par le MNP ont montr\u00e9 que les pratiques en question ne r\u00e9pondent pas aux exigences de la torture dans l\u2019article 2 de la loi sur la torture (loi 033-2015) et l\u2019article 2 de la loi 034-2015 portant cr\u00e9ation du m\u00e9canisme national de pr\u00e9vention de la torture, car les faits all\u00e9gu\u00e9s n\u2019ont pas eu lieu dans un lieu de d\u00e9tention et n\u2019ont pas \u00e9t\u00e9 ex\u00e9cut\u00e9s par un agent de l\u2019autorit\u00e9 publique.<\/p>\n<p>N\u00e9anmoins, les actes attribu\u00e9s \u00e0 l\u2019accus\u00e9, s\u2019ils sont prouv\u00e9s, sont criminalis\u00e9s par la loi et seront trait\u00e9s conform\u00e9ment aux proc\u00e9dures p\u00e9nales applicables, a-t-il ajout\u00e9. Ci-apr\u00e8s, la d\u00e9claration du MNP dont copie est parvenue \u00e0 l\u2019Agence Mauritanienne d\u2019Information :<\/p>\n<p>\u00ab Apr\u00e8s que le M\u00e9canisme National de Pr\u00e9vention de la Torture MNP ait re\u00e7u des informations indiquant l\u2019existence d\u2019un cas pr\u00e9sum\u00e9 de torture, et apr\u00e8s avoir examin\u00e9 le contenu de certains m\u00e9dias sur les r\u00e9seaux sociaux \u00e0 cet \u00e9gard, il a imm\u00e9diatement d\u00e9cid\u00e9 d\u2019enqu\u00eater sur l\u2019affaire au moyen d\u2019une visite de son Pr\u00e9sident dans les lieux de d\u00e9tention des personnes impliqu\u00e9es dans cette affaire, jeudi 12 septembre 2024.<\/p>\n<p>Lors de sa visite, le Pr\u00e9sident du MNP a men\u00e9 des entretiens priv\u00e9s avec les trois parties concern\u00e9es \u00e0 savoir la police judiciaire comp\u00e9tente (la commissaire de police judiciaire de Nouakchott Nord et le directeur r\u00e9gional adjoint de la s\u00e9curit\u00e9 de cette Wilaya), l\u2019accus\u00e9 (X), et les migrants \u00e9trangers (au nombre de 25 personnes, toutes d\u2019une seule nationalit\u00e9 asiatique).<\/p>\n<p>Apr\u00e8s avoir men\u00e9 l\u2019enqu\u00eate, il est apparu clairement que :<\/p>\n<p>1-Les pratiques susmentionn\u00e9es ne s\u2019appliquent pas aux exigences de la torture contenues dans l\u2019article 2 de la loi contre la torture (loi 033-2015), Article 2 de la loi 034-2015 portant cr\u00e9ation du M\u00e9canisme National de Pr\u00e9vention de la Torture, car les pratiques susdites n\u2019ont pas eu lieu dans un lieu de d\u00e9tention et n\u2019ont pas \u00e9t\u00e9 commises par un agent de l\u2019autorit\u00e9 publique. Toutefois, les actes imput\u00e9s \u00e0 l\u2019accus\u00e9, s\u2019ils sont prouv\u00e9s, sont incrimin\u00e9s par la loi et seront trait\u00e9s conform\u00e9ment aux proc\u00e9dures p\u00e9nales en vigueur.<\/p>\n<p>2- L\u2019accus\u00e9 de ces pratiques est d\u00e9sormais sous la garde \u00e0 vue de la police judiciaire de la wilaya de Nouakchott Nord, \u00e0 la connaissance des autorit\u00e9s judiciaires comp\u00e9tentes, et que son dossier leur sera transmis dans les d\u00e9lais l\u00e9gaux pour poursuivre l\u2019enqu\u00eate sur cette affaire.<\/p>\n<p>Nouakchott le 13 septembre 2024. \u00bb<\/p>\n<p>&nbsp;<\/p>\n","protected":false},"excerpt":{"rendered":"<p>Le pr\u00e9sident du M\u00e9canisme national de pr\u00e9vention de la torture (MNP), M. El Bekaye Abdelmalek, a tenu une conf\u00e9rence de presse, vendredi soir, \u00e0 Nouakchott, faisant la lumi\u00e8re sur ce qui a circul\u00e9 sur les m\u00e9dias sociaux au sujet d\u2019un cas pr\u00e9sum\u00e9 de torture. Dans une d\u00e9claration lue au cours de la conf\u00e9rence de presse, &hellip;<\/p>\n","protected":false},"author":2,"featured_media":11382,"comment_status":"open","ping_status":"open","sticky":false,"template":"","format":"standard","meta":{"footnotes":""},"categories":[18],"tags":[],"class_list":["post-11381","post","type-post","status-publish","format-standard","has-post-thumbnail","hentry","category-actualites"],"_links":{"self":[{"href":"https:\/\/ladepeche.mr\/index.php?rest_route=\/wp\/v2\/posts\/11381","targetHints":{"allow":["GET"]}}],"collection":[{"href":"https:\/\/ladepeche.mr\/index.php?rest_route=\/wp\/v2\/posts"}],"about":[{"href":"https:\/\/ladepeche.mr\/index.php?rest_route=\/wp\/v2\/types\/post"}],"author":[{"embeddable":true,"href":"https:\/\/ladepeche.mr\/index.php?rest_route=\/wp\/v2\/users\/2"}],"replies":[{"embeddable":true,"href":"https:\/\/ladepeche.mr\/index.php?rest_route=%2Fwp%2Fv2%2Fcomments&post=11381"}],"version-history":[{"count":1,"href":"https:\/\/ladepeche.mr\/index.php?rest_route=\/wp\/v2\/posts\/11381\/revisions"}],"predecessor-version":[{"id":11383,"href":"https:\/\/ladepeche.mr\/index.php?rest_route=\/wp\/v2\/posts\/11381\/revisions\/11383"}],"wp:featuredmedia":[{"embeddable":true,"href":"https:\/\/ladepeche.mr\/index.php?rest_route=\/wp\/v2\/media\/11382"}],"wp:attachment":[{"href":"https:\/\/ladepeche.mr\/index.php?rest_route=%2Fwp%2Fv2%2Fmedia&parent=11381"}],"wp:term":[{"taxonomy":"category","embeddable":true,"href":"https:\/\/ladepeche.mr\/index.php?rest_route=%2Fwp%2Fv2%2Fcategories&post=11381"},{"taxonomy":"post_tag","embeddable":true,"href":"https:\/\/ladepeche.mr\/index.php?rest_route=%2Fwp%2Fv2%2Ftags&post=11381"}],"curies":[{"name":"wp","href":"https:\/\/api.w.org\/{rel}","templated":true}]}}