{"id":11395,"date":"2024-09-16T10:08:36","date_gmt":"2024-09-16T10:08:36","guid":{"rendered":"https:\/\/ladepeche.mr\/?p=11395"},"modified":"2024-09-16T10:08:36","modified_gmt":"2024-09-16T10:08:36","slug":"guerre-au-proche-orient-un-missile-tire-du-yemen-tombe-dans-le-centre-disrael","status":"publish","type":"post","link":"https:\/\/ladepeche.mr\/?p=11395","title":{"rendered":"Guerre au Proche-Orient : un missile tir\u00e9 du Y\u00e9men tombe dans le centre d&#8217;Isra\u00ebl"},"content":{"rendered":"<p>Les rebelles houthis, qui contr\u00f4lent de larges pans du Y\u00e9men, ont lanc\u00e9 plusieurs attaques contre Isra\u00ebl en affirmant agir en solidarit\u00e9 avec les Palestiniens de la bande de Gaza.<\/p>\n<p>Les rebelles houthis du Y\u00e9men ont revendiqu\u00e9 le tir<em>. &#8220;Un missile sol-sol a \u00e9t\u00e9 identifi\u00e9 en train de traverser le centre d&#8217;Isra\u00ebl depuis l&#8217;est puis est tomb\u00e9 dans une zone d\u00e9gag\u00e9e&#8221;<\/em>, a d\u00e9clar\u00e9 l&#8217;arm\u00e9e am\u00e9ricaine dimanche 15\u00a0septembre, ajoutant qu'&#8221;<em>aucun bless\u00e9 n&#8217;a \u00e9t\u00e9 signal\u00e9&#8221;. <\/em><em>&#8220;Les explosions entendues ces derni\u00e8res minutes proviennent du syst\u00e8me d&#8217;interception <\/em>[des missiles].<em> Le r\u00e9sultat de l&#8217;interception est en cours d&#8217;examen<\/em>&#8220;, a ajout\u00e9 l&#8217;arm\u00e9e.<\/p>\n<p>Un porte-parole militaire des houthis, Yahya Saree, a d\u00e9clar\u00e9 que cette op\u00e9ration visait une cible militaire &#8220;<em>dans la r\u00e9gion de Yafa<\/em> [le nom arabe de Jaffa] <em>en Palestine occup\u00e9e&#8221;<\/em> et avait \u00e9t\u00e9<em>&#8220;men\u00e9e avec un nouveau missile balistique hypersonique qui a r\u00e9ussi \u00e0 atteindre sa cible, sans que les syst\u00e8mes de d\u00e9fense de l&#8217;ennemi ne parviennent \u00e0 l&#8217;intercepter.&#8221;<\/em><\/p>\n<p>Les rebelles houthis, qui contr\u00f4lent de larges pans du Y\u00e9men, ont lanc\u00e9 plusieurs attaques contre Isra\u00ebl en affirmant agir en solidarit\u00e9 avec les Palestiniens de la bande de Gaza, dans <a href=\"https:\/\/www.francetvinfo.fr\/monde\/palestine\/gaza\/la-guerre-plonge-gaza-et-la-cisjordanie-dans-une-crise-economique-d-une-ampleur-stupefiante-s-alarme-l-onu_6777631.html\">le contexte de la guerre entre Isra\u00ebl et le Hamas<\/a>.<\/p>\n<h2 class=\"subheader\">Une riposte au bombardement d&#8217;un port y\u00e9m\u00e9nite<\/h2>\n<p>En juillet dernier, les houthis ont men\u00e9 une attaque de drone sur Tel-Aviv qui a tu\u00e9 un civil isra\u00e9lien. En repr\u00e9sailles, l&#8217;arm\u00e9e isra\u00e9lienne a bombard\u00e9 le port y\u00e9m\u00e9nite de Hodeida, contr\u00f4l\u00e9 par les houthis, le 20\u00a0juillet. D\u00e9but ao\u00fbt, le chef des rebelles houthis avait jug\u00e9<em>&#8220;in\u00e9vitable&#8221;<\/em> une riposte \u00e0 cette attaque.<\/p>\n<p>Les houthis ciblent \u00e9galement depuis des mois des navires qu&#8217;ils estiment li\u00e9s \u00e0 Isra\u00ebl, aux Etats-Unis ou au Royaume-Uni dans le golfe d&#8217;Aden et la mer Rouge. Ces attaques perturbent le trafic dans cette zone maritime essentielle pour le commerce mondial, ce qui a pouss\u00e9 les Etats-Unis \u00e0 mettre en place une coalition maritime internationale et \u00e0 frapper des cibles rebelles au Y\u00e9men, parfois avec l&#8217;aide du Royaume-Uni.<\/p>\n<p>franceindotv<\/p>\n","protected":false},"excerpt":{"rendered":"<p>Les rebelles houthis, qui contr\u00f4lent de larges pans du Y\u00e9men, ont lanc\u00e9 plusieurs attaques contre Isra\u00ebl en affirmant agir en solidarit\u00e9 avec les Palestiniens de la bande de Gaza. Les rebelles houthis du Y\u00e9men ont revendiqu\u00e9 le tir. &#8220;Un missile sol-sol a \u00e9t\u00e9 identifi\u00e9 en train de traverser le centre d&#8217;Isra\u00ebl depuis l&#8217;est puis est &hellip;<\/p>\n","protected":false},"author":2,"featured_media":11396,"comment_status":"open","ping_status":"open","sticky":false,"template":"","format":"standard","meta":{"footnotes":""},"categories":[18,29],"tags":[],"class_list":["post-11395","post","type-post","status-publish","format-standard","has-post-thumbnail","hentry","category-actualites","category-monde"],"_links":{"self":[{"href":"https:\/\/ladepeche.mr\/index.php?rest_route=\/wp\/v2\/posts\/11395","targetHints":{"allow":["GET"]}}],"collection":[{"href":"https:\/\/ladepeche.mr\/index.php?rest_route=\/wp\/v2\/posts"}],"about":[{"href":"https:\/\/ladepeche.mr\/index.php?rest_route=\/wp\/v2\/types\/post"}],"author":[{"embeddable":true,"href":"https:\/\/ladepeche.mr\/index.php?rest_route=\/wp\/v2\/users\/2"}],"replies":[{"embeddable":true,"href":"https:\/\/ladepeche.mr\/index.php?rest_route=%2Fwp%2Fv2%2Fcomments&post=11395"}],"version-history":[{"count":1,"href":"https:\/\/ladepeche.mr\/index.php?rest_route=\/wp\/v2\/posts\/11395\/revisions"}],"predecessor-version":[{"id":11397,"href":"https:\/\/ladepeche.mr\/index.php?rest_route=\/wp\/v2\/posts\/11395\/revisions\/11397"}],"wp:featuredmedia":[{"embeddable":true,"href":"https:\/\/ladepeche.mr\/index.php?rest_route=\/wp\/v2\/media\/11396"}],"wp:attachment":[{"href":"https:\/\/ladepeche.mr\/index.php?rest_route=%2Fwp%2Fv2%2Fmedia&parent=11395"}],"wp:term":[{"taxonomy":"category","embeddable":true,"href":"https:\/\/ladepeche.mr\/index.php?rest_route=%2Fwp%2Fv2%2Fcategories&post=11395"},{"taxonomy":"post_tag","embeddable":true,"href":"https:\/\/ladepeche.mr\/index.php?rest_route=%2Fwp%2Fv2%2Ftags&post=11395"}],"curies":[{"name":"wp","href":"https:\/\/api.w.org\/{rel}","templated":true}]}}