{"id":11406,"date":"2024-09-17T12:29:45","date_gmt":"2024-09-17T12:29:45","guid":{"rendered":"https:\/\/ladepeche.mr\/?p=11406"},"modified":"2024-09-17T12:29:45","modified_gmt":"2024-09-17T12:29:45","slug":"mali-des-coups-de-feu-entendus-a-bamako-au-moins-un-camp-de-gendarmerie-attaque","status":"publish","type":"post","link":"https:\/\/ladepeche.mr\/?p=11406","title":{"rendered":"Mali: des coups de feu entendus \u00e0 Bamako, au moins un camp de gendarmerie attaqu\u00e9"},"content":{"rendered":"<p>Bamako est vis\u00e9e par une ou des \u00ab attaque(s) terroriste(s) \u00bb, ce 17 septembre 2024. Des tirs ont retenti t\u00f4t ce mardi matin dans la capitale du Mali. Au moins un b\u00e2timent de la gendarmerie malienne a \u00e9t\u00e9 vis\u00e9. Les autorit\u00e9s assurent ma\u00eetriser la situation.<\/p>\n<p>Les premi\u00e8res d\u00e9tonations ont \u00e9t\u00e9 entendues aux environs de 5h, heure locale et TU, ce 17 septembre 2024 dans la capitale du Mali.<\/p>\n<p>L&#8217;attaque a vis\u00e9, a minima, l&#8217;\u00e9cole de gendarmerie du quartier de Faladi\u00e9. Selon les t\u00e9moins joints par RFI, les tirs ont dur\u00e9 environ trois heures.<\/p>\n<p>Un communiqu\u00e9 de l&#8217;arm\u00e9e diffus\u00e9 \u00e0 8h30 TU pr\u00e9cise qu&#8217;\u00ab un groupe de terroristes a tent\u00e9 de s&#8217;infiltrer \u00bb dans le b\u00e2timent. \u00ab La situation est sous contr\u00f4le \u00bb, rassure l&#8217;arm\u00e9e malienne, qui indique mener des \u00ab op\u00e9rations de ratissage \u00bb dans la zone. Les Bamakois sont invit\u00e9s \u00e0 \u00ab \u00e9viter le secteur \u00bb.<\/p>\n<p>Des t\u00e9moins joints par RFI expliquent avoir assist\u00e9 \u00e0 l&#8217;interpellation d&#8217;au moins trois personnes, consid\u00e9r\u00e9es comme suspectes.<\/p>\n<p>Des v\u00e9hicules de pompiers font des allers-retours entre l&#8217;\u00e9cole de la gendarmerie et un h\u00f4pital.<\/p>\n<p>Aucun d\u00e9tail pour le moment, sur les \u00e9ventuelles victimes de cette attaque. Le minist\u00e8re de la S\u00e9curit\u00e9 et de la protection civile \u00e9voque \u00ab des attaques terroristes \u00bb<\/p>\n<p>Un communiqu\u00e9 distinct du minist\u00e8re de la S\u00e9curit\u00e9 et de la protection civile \u00e9voque quant \u00e0 lui \u00ab des attaques terroristes \u00bb contre \u00ab des points sensibles de la capitale \u00bb.<\/p>\n<p>Or, des t\u00e9moignages font \u00e9galement \u00e9tat de d\u00e9tonations \u00e0 proximit\u00e9 d&#8217;un poste militaire \u00e0 l&#8217;a\u00e9roport de Bamako-S\u00e9nou. Les deux lieux n&#8217;\u00e9tant pas tr\u00e8s \u00e9loign\u00e9s, difficile de savoir s&#8217;il s&#8217;agit d&#8217;une autre attaque ou de la m\u00eame. Les vols pr\u00e9vus ce matin ont \u00e9t\u00e9 annul\u00e9s, jusqu&#8217;\u00e0 nouvel ordre.<\/p>\n<p><strong>Le lyc\u00e9e fran\u00e7ais de Bamako a, lui, ferm\u00e9 ses portes.<\/strong><\/p>\n<p>De source judicaire, les militaires devant compara\u00eetre aujourd&#8217;hui devant la cour d&#8217;assises dans le proc\u00e8s tr\u00e8s attendu des affaires de l&#8217;achat de l&#8217;avion pr\u00e9sidentiel et des \u00e9quipements militaires surfactur\u00e9s \u00e9taient justement d\u00e9tenus dans cette \u00e9cole de gendarmerie de Faladi\u00e9. L&#8217;audience, qui devait d\u00e9buter \u00e0 9h, n&#8217;a pas pu commencer mais elle est officiellement maintenue. Le proc\u00e8s pourrait cependant \u00eatre report\u00e9.<\/p>\n<p>Des images film\u00e9es par des Bamakois mont\u00e9s sur leur toit, d\u00e8s l&#8217;aube, montrent un \u00e9pais panache de fum\u00e9e noire s&#8217;\u00e9lever au-dessus de la capitale. Sur les vid\u00e9os re\u00e7ues, on entend aussi des tirs.<\/p>\n<p>Les autorit\u00e9s \u00e9voquent donc une ou des attaque(s) \u00ab terroriste(s) \u00bb, mais sans pr\u00e9ciser le nombre ni l&#8217;identit\u00e9 des assaillants.<\/p>\n<p>Le Mali est la cible d&#8217;attaques jihadistes presque quotidiennes. Ces derniers mois, le Jnim, li\u00e9 \u00e0 al-Qa\u00efda, en a revendiqu\u00e9 plusieurs sur des axes routiers \u00e0 proximit\u00e9 de la capitale qui a, par le pass\u00e9, d\u00e9j\u00e0 subi des attaques terroristes.<\/p>\n<p>La plus marquante remonte \u00e0 2015, elle avait vis\u00e9 l&#8217;h\u00f4tel Radisson. Plus r\u00e9cemment, en juillet 2022, le Jnim avait revendiqu\u00e9 une attaque kamikaze contre le camp militaire de Kati, \u00e0 c\u00f4t\u00e9 de Bamako.<\/p>\n<p>Par :\u00a0<strong>David Bach\u00e9 (Rfi) via cridem<\/strong><\/p>\n","protected":false},"excerpt":{"rendered":"<p>Bamako est vis\u00e9e par une ou des \u00ab attaque(s) terroriste(s) \u00bb, ce 17 septembre 2024. Des tirs ont retenti t\u00f4t ce mardi matin dans la capitale du Mali. Au moins un b\u00e2timent de la gendarmerie malienne a \u00e9t\u00e9 vis\u00e9. Les autorit\u00e9s assurent ma\u00eetriser la situation. Les premi\u00e8res d\u00e9tonations ont \u00e9t\u00e9 entendues aux environs de 5h, &hellip;<\/p>\n","protected":false},"author":2,"featured_media":11407,"comment_status":"open","ping_status":"open","sticky":false,"template":"","format":"standard","meta":{"footnotes":""},"categories":[18,29],"tags":[],"class_list":["post-11406","post","type-post","status-publish","format-standard","has-post-thumbnail","hentry","category-actualites","category-monde"],"_links":{"self":[{"href":"https:\/\/ladepeche.mr\/index.php?rest_route=\/wp\/v2\/posts\/11406","targetHints":{"allow":["GET"]}}],"collection":[{"href":"https:\/\/ladepeche.mr\/index.php?rest_route=\/wp\/v2\/posts"}],"about":[{"href":"https:\/\/ladepeche.mr\/index.php?rest_route=\/wp\/v2\/types\/post"}],"author":[{"embeddable":true,"href":"https:\/\/ladepeche.mr\/index.php?rest_route=\/wp\/v2\/users\/2"}],"replies":[{"embeddable":true,"href":"https:\/\/ladepeche.mr\/index.php?rest_route=%2Fwp%2Fv2%2Fcomments&post=11406"}],"version-history":[{"count":1,"href":"https:\/\/ladepeche.mr\/index.php?rest_route=\/wp\/v2\/posts\/11406\/revisions"}],"predecessor-version":[{"id":11408,"href":"https:\/\/ladepeche.mr\/index.php?rest_route=\/wp\/v2\/posts\/11406\/revisions\/11408"}],"wp:featuredmedia":[{"embeddable":true,"href":"https:\/\/ladepeche.mr\/index.php?rest_route=\/wp\/v2\/media\/11407"}],"wp:attachment":[{"href":"https:\/\/ladepeche.mr\/index.php?rest_route=%2Fwp%2Fv2%2Fmedia&parent=11406"}],"wp:term":[{"taxonomy":"category","embeddable":true,"href":"https:\/\/ladepeche.mr\/index.php?rest_route=%2Fwp%2Fv2%2Fcategories&post=11406"},{"taxonomy":"post_tag","embeddable":true,"href":"https:\/\/ladepeche.mr\/index.php?rest_route=%2Fwp%2Fv2%2Ftags&post=11406"}],"curies":[{"name":"wp","href":"https:\/\/api.w.org\/{rel}","templated":true}]}}