{"id":1141,"date":"2022-07-22T10:33:23","date_gmt":"2022-07-22T10:33:23","guid":{"rendered":"https:\/\/ladepeche.mr\/?p=1141"},"modified":"2022-07-22T10:33:23","modified_gmt":"2022-07-22T10:33:23","slug":"la-mauritanie-signe-un-protocole-daccord-pour-la-construction-du-tramway-a-nouakchott","status":"publish","type":"post","link":"https:\/\/ladepeche.mr\/?p=1141","title":{"rendered":"La Mauritanie signe un protocole d&#8217;accord pour la construction du tramway \u00e0 Nouakchott"},"content":{"rendered":"<div class=\"field field-name-body field-type-text-with-summary field-label-hidden\">\n<div class=\"field-items\">\n<div class=\"field-item even\">\n<p>L\u2019accord a \u00e9t\u00e9 sign\u00e9 par le ministre des Transports, El Mokhtar Ould El Yadali, avec la soci\u00e9t\u00e9 \u00e9gyptienne (&#8230;Arab Contractors).<\/p>\n<p>Le gouvernement mauritanien a sign\u00e9 un protocole d&#8217;accord avec la soci\u00e9t\u00e9 \u00e9gyptienne &#8220;Les arabes entrepreneurs&#8221; pour la construction du Tramway de la ville du Nouakchott, le premier train de la capitale.<\/p>\n<p>L&#8217;accord a \u00e9t\u00e9 sign\u00e9 \u00e0 Nouakchott, par le ministre des Transports, El Mokhtar Ould El Yadali, et Farouk Ali, pr\u00e9sident du conseil d&#8217;administration des Arabes entrepreneurs.<\/p>\n<p>L&#8217;agence de presse mauritanienne d\u2019information (AMI) a rapport\u00e9 que, &#8220;ce projet comprendra la construction des deux lignes de 22,5 km chacune, reliant la p\u00e9riph\u00e9rie de la ville de Nouakchott&#8221;.<\/p>\n<p>Il va \u00e9galement &#8220;contribuer \u00e0 la pr\u00e9servation de l&#8217;environnement en r\u00e9duisant les \u00e9missions de gaz et le r\u00e9chauffement climatique, en plus de contribuer \u00e0 la fluidit\u00e9 de la circulation des personnes et au renforcement du secteur touristique en Mauritanie&#8221;, selon la m\u00eame source.<\/p>\n<p>Les habitants de Nouakchott, pour leur transport, d\u00e9pendent des bus de la soci\u00e9t\u00e9 de transport en commun (gouvernement) en plus des taxis.<\/p>\n<p>La ville de Nouakchott a \u00e9t\u00e9 cr\u00e9\u00e9e \u00e0 la fin des ann\u00e9es cinquante du si\u00e8cle dernier, lorsque Mokhtar Ould Daddah, le premier pr\u00e9sident du pays, et le pr\u00e9sident fran\u00e7ais Charles de Gaulle ont pos\u00e9 la premi\u00e8re pierre de la capitale le 5 mars 1958, deux ans avant la d\u00e9claration de l&#8217;ind\u00e9pendance du colonialisme fran\u00e7ais en 1960.<\/p>\n<p>La ville de Nouakchott est actuellement habit\u00e9e par un quart de la population mauritanienne aevc environ 4 millions de personnes.<\/p>\n<p>*Traduit de l\u2019arabe par Issa Aliou<\/p>\n<p><a href=\"https:\/\/www.aa.com.tr\/fr\/afrique\/la-mauritanie-signe-un-protocole-daccord-pour-la-construction-du-tramway-%C3%A0-nouakchott\/2642995\">https:\/\/www.aa.com.tr\/fr\/afrique\/la-mauritanie-signe-un-protocole-daccor&#8230;<\/a><\/p>\n<\/div>\n<\/div>\n<\/div>\n","protected":false},"excerpt":{"rendered":"<p>L\u2019accord a \u00e9t\u00e9 sign\u00e9 par le ministre des Transports, El Mokhtar Ould El Yadali, avec la soci\u00e9t\u00e9 \u00e9gyptienne (&#8230;Arab Contractors). Le gouvernement mauritanien a sign\u00e9 un protocole d&#8217;accord avec la soci\u00e9t\u00e9 \u00e9gyptienne &#8220;Les arabes entrepreneurs&#8221; pour la construction du Tramway de la ville du Nouakchott, le premier train de la capitale. L&#8217;accord a \u00e9t\u00e9 sign\u00e9 &hellip;<\/p>\n","protected":false},"author":2,"featured_media":1142,"comment_status":"open","ping_status":"open","sticky":false,"template":"","format":"standard","meta":{"footnotes":""},"categories":[18,2],"tags":[],"class_list":["post-1141","post","type-post","status-publish","format-standard","has-post-thumbnail","hentry","category-actualites","category-economie"],"_links":{"self":[{"href":"https:\/\/ladepeche.mr\/index.php?rest_route=\/wp\/v2\/posts\/1141","targetHints":{"allow":["GET"]}}],"collection":[{"href":"https:\/\/ladepeche.mr\/index.php?rest_route=\/wp\/v2\/posts"}],"about":[{"href":"https:\/\/ladepeche.mr\/index.php?rest_route=\/wp\/v2\/types\/post"}],"author":[{"embeddable":true,"href":"https:\/\/ladepeche.mr\/index.php?rest_route=\/wp\/v2\/users\/2"}],"replies":[{"embeddable":true,"href":"https:\/\/ladepeche.mr\/index.php?rest_route=%2Fwp%2Fv2%2Fcomments&post=1141"}],"version-history":[{"count":1,"href":"https:\/\/ladepeche.mr\/index.php?rest_route=\/wp\/v2\/posts\/1141\/revisions"}],"predecessor-version":[{"id":1143,"href":"https:\/\/ladepeche.mr\/index.php?rest_route=\/wp\/v2\/posts\/1141\/revisions\/1143"}],"wp:featuredmedia":[{"embeddable":true,"href":"https:\/\/ladepeche.mr\/index.php?rest_route=\/wp\/v2\/media\/1142"}],"wp:attachment":[{"href":"https:\/\/ladepeche.mr\/index.php?rest_route=%2Fwp%2Fv2%2Fmedia&parent=1141"}],"wp:term":[{"taxonomy":"category","embeddable":true,"href":"https:\/\/ladepeche.mr\/index.php?rest_route=%2Fwp%2Fv2%2Fcategories&post=1141"},{"taxonomy":"post_tag","embeddable":true,"href":"https:\/\/ladepeche.mr\/index.php?rest_route=%2Fwp%2Fv2%2Ftags&post=1141"}],"curies":[{"name":"wp","href":"https:\/\/api.w.org\/{rel}","templated":true}]}}