{"id":11412,"date":"2024-09-17T13:03:12","date_gmt":"2024-09-17T13:03:12","guid":{"rendered":"https:\/\/ladepeche.mr\/?p=11412"},"modified":"2024-09-17T13:03:12","modified_gmt":"2024-09-17T13:03:12","slug":"le-ministre-de-leconomie-et-des-finances-recoit-le-directeur-regional-de-lunfpa-pour-lafrique-de-louest-et-du-centre","status":"publish","type":"post","link":"https:\/\/ladepeche.mr\/?p=11412","title":{"rendered":"Le ministre de l&#8217;\u00c9conomie et des Finances re\u00e7oit le directeur r\u00e9gional de l\u2019UNFPA pour l&#8217;Afrique de l&#8217;Ouest et du Centre"},"content":{"rendered":"<p>Son Excellence le ministre de l&#8217;\u00c9conomie et des Finances, M. Sid&#8217;Ahmed Ould Bouh, a re\u00e7u en audience ce lundi matin, le directeur r\u00e9gional du Fonds des Nations Unies pour la Population pour l&#8217;Afrique de l&#8217;Ouest et du Centre, M. Sennen Hounton, accompagn\u00e9 d&#8217;une d\u00e9l\u00e9gation importante du Fonds comprenant la repr\u00e9sentante r\u00e9sidente, Mme Olga Sankara.<\/p>\n<p>Les discussions ont port\u00e9 sur les divers aspects de la coop\u00e9ration existant entre notre pays et le Fonds, en particulier en ce qui concerne l&#8217;ex\u00e9cution du neuvi\u00e8me programme de pays mis en \u0153uvre par l\u2019UNFPA en Mauritanie sur une p\u00e9riode de quatre ans (2024-2027).<\/p>\n<p>Le directeur r\u00e9gional a salu\u00e9 le soutien apport\u00e9 par la Mauritanie au Fonds et a f\u00e9licit\u00e9 le succ\u00e8s du recensement g\u00e9n\u00e9ral de la population r\u00e9cemment r\u00e9alis\u00e9 par le minist\u00e8re de l&#8217;\u00c9conomie et des Finances.<\/p>\n<p>L&#8217;audience s&#8217;est d\u00e9roul\u00e9e en pr\u00e9sence du directeur g\u00e9n\u00e9ral des Politiques et Strat\u00e9gies de D\u00e9veloppement, M. Cheikhna Ould Beddad.<\/p>\n","protected":false},"excerpt":{"rendered":"<p>Son Excellence le ministre de l&#8217;\u00c9conomie et des Finances, M. Sid&#8217;Ahmed Ould Bouh, a re\u00e7u en audience ce lundi matin, le directeur r\u00e9gional du Fonds des Nations Unies pour la Population pour l&#8217;Afrique de l&#8217;Ouest et du Centre, M. Sennen Hounton, accompagn\u00e9 d&#8217;une d\u00e9l\u00e9gation importante du Fonds comprenant la repr\u00e9sentante r\u00e9sidente, Mme Olga Sankara. Les &hellip;<\/p>\n","protected":false},"author":2,"featured_media":11410,"comment_status":"open","ping_status":"open","sticky":false,"template":"","format":"standard","meta":{"footnotes":""},"categories":[18,2],"tags":[],"class_list":["post-11412","post","type-post","status-publish","format-standard","has-post-thumbnail","hentry","category-actualites","category-economie"],"_links":{"self":[{"href":"https:\/\/ladepeche.mr\/index.php?rest_route=\/wp\/v2\/posts\/11412","targetHints":{"allow":["GET"]}}],"collection":[{"href":"https:\/\/ladepeche.mr\/index.php?rest_route=\/wp\/v2\/posts"}],"about":[{"href":"https:\/\/ladepeche.mr\/index.php?rest_route=\/wp\/v2\/types\/post"}],"author":[{"embeddable":true,"href":"https:\/\/ladepeche.mr\/index.php?rest_route=\/wp\/v2\/users\/2"}],"replies":[{"embeddable":true,"href":"https:\/\/ladepeche.mr\/index.php?rest_route=%2Fwp%2Fv2%2Fcomments&post=11412"}],"version-history":[{"count":1,"href":"https:\/\/ladepeche.mr\/index.php?rest_route=\/wp\/v2\/posts\/11412\/revisions"}],"predecessor-version":[{"id":11413,"href":"https:\/\/ladepeche.mr\/index.php?rest_route=\/wp\/v2\/posts\/11412\/revisions\/11413"}],"wp:featuredmedia":[{"embeddable":true,"href":"https:\/\/ladepeche.mr\/index.php?rest_route=\/wp\/v2\/media\/11410"}],"wp:attachment":[{"href":"https:\/\/ladepeche.mr\/index.php?rest_route=%2Fwp%2Fv2%2Fmedia&parent=11412"}],"wp:term":[{"taxonomy":"category","embeddable":true,"href":"https:\/\/ladepeche.mr\/index.php?rest_route=%2Fwp%2Fv2%2Fcategories&post=11412"},{"taxonomy":"post_tag","embeddable":true,"href":"https:\/\/ladepeche.mr\/index.php?rest_route=%2Fwp%2Fv2%2Ftags&post=11412"}],"curies":[{"name":"wp","href":"https:\/\/api.w.org\/{rel}","templated":true}]}}