{"id":11416,"date":"2024-09-17T21:20:24","date_gmt":"2024-09-17T21:20:24","guid":{"rendered":"https:\/\/ladepeche.mr\/?p=11416"},"modified":"2024-09-17T21:20:24","modified_gmt":"2024-09-17T21:20:24","slug":"guerre-au-proche-orient-les-explosions-de-bipeurs-au-liban-ont-fait-au-moins-neuf-morts-et-2-800-blesses-selon-le-ministre-de-la-sante-libanais","status":"publish","type":"post","link":"https:\/\/ladepeche.mr\/?p=11416","title":{"rendered":"Guerre au Proche-Orient : les explosions de bipeurs au Liban ont fait au moins neuf morts et 2 800 bless\u00e9s, selon le ministre de la Sant\u00e9 libanais"},"content":{"rendered":"<p>Ces explosions se sont produites &#8220;dans diff\u00e9rentes r\u00e9gions du Liban&#8221;, a annonc\u00e9 plus t\u00f4t le ministre de la Sant\u00e9 du pays.<\/p>\n<p>Des d\u00e9tonations partout dans le pays. Les explosions de bipeurs au Liban ont fait au moins neuf morts et 2\u00a0800 bless\u00e9s,\u00a0<a href=\"https:\/\/www.francetvinfo.fr\/monde\/proche-orient\/liban\/reportage-nous-mourrons-en-martyr-pour-le-bien-des-autres-au-liban-le-hezbollah-glorifie-ses-combattants-morts-pour-justifier-sa-guerre_6748429.html\">parmi lesquels des membres du Hezbollah<\/a>, a annonc\u00e9 le ministre de la Sant\u00e9 libanais, mardi 17 septembre. Les bipeurs, un syst\u00e8me de radiomessagerie, ont explos\u00e9 de mani\u00e8re simultan\u00e9e\u00a0<em>&#8220;dans plusieurs r\u00e9gions du Liban&#8221;<\/em>, selon cette m\u00eame source.<\/p>\n<p>D&#8217;apr\u00e8s le ministre, la plupart des victimes ont \u00e9t\u00e9 touch\u00e9es\u00a0<em>&#8220;au visage, \u00e0 la main, au ventre et m\u00eame aux yeux&#8221;<\/em>. L&#8217;ambassadeur d&#8217;Iran \u00e0 Beyrouth, Mojtaba Amani, fait notamment partie des bless\u00e9s, a affirm\u00e9 mardi la t\u00e9l\u00e9vision d&#8217;Etat iranienne, qui ajoute que sa blessure reste\u00a0<em>&#8220;superficielle<\/em>&#8220;.<\/p>\n<p>En Syrie, quatorze membres du Hezbollah ont aussi \u00e9t\u00e9 bless\u00e9s mardi, au moment o\u00f9 des centaines d&#8217;autres de ces appareils de radiomessagerie explosaient au Liban, a fait savoir l&#8217;Observatoire syrien des droits de l&#8217;homme.<\/p>\n<h2 class=\"subheader\">Le Hezbollah accuse Isra\u00ebl<\/h2>\n<p>Le mouvement islamiste Hezbollah accuse Isra\u00ebl d&#8217;\u00eatre derri\u00e8re ces explosions. Dans un communiqu\u00e9, la puissante formation pro-iranienne a assur\u00e9 qu&#8217;Isra\u00ebl allait\u00a0<em>&#8220;recevoir son juste ch\u00e2timent&#8221;<\/em>\u00a0\u00e0 la suite de\u00a0<em>&#8220;cette agression criminelle&#8221;<\/em>.<\/p>\n<p>Le minist\u00e8re de la Sant\u00e9 a demand\u00e9\u00a0<em>&#8220;\u00e0 tous les professionnels de la sant\u00e9 de se rendre imm\u00e9diatement sur leur lieu de travail afin de contribuer aux soins d&#8217;urgence pour le grand nombre de bless\u00e9s&#8221;<\/em>\u00a0et lanc\u00e9 un<em>\u00a0&#8220;appel \u00e0 la coordination avec la Croix-Rouge libanaise pour organiser des dons de sang&#8221;<\/em>.<\/p>\n<p>Isra\u00ebl n&#8217;a, pour l&#8217;instant, pas comment\u00e9 ces explosions, survenues\u00a0<a href=\"https:\/\/www.francetvinfo.fr\/monde\/proche-orient\/israel-palestine\/guerre-au-proche-orient-pour-israel-une-solution-negociee-avec-le-hezbollah-s-eloigne_6784486.html\">dans plusieurs places fortes du Hezbollah<\/a>.<\/p>\n<p>www.francetvinfo.fr<\/p>\n","protected":false},"excerpt":{"rendered":"<p>Ces explosions se sont produites &#8220;dans diff\u00e9rentes r\u00e9gions du Liban&#8221;, a annonc\u00e9 plus t\u00f4t le ministre de la Sant\u00e9 du pays. Des d\u00e9tonations partout dans le pays. Les explosions de bipeurs au Liban ont fait au moins neuf morts et 2\u00a0800 bless\u00e9s,\u00a0parmi lesquels des membres du Hezbollah, a annonc\u00e9 le ministre de la Sant\u00e9 libanais, &hellip;<\/p>\n","protected":false},"author":2,"featured_media":11417,"comment_status":"open","ping_status":"open","sticky":false,"template":"","format":"standard","meta":{"footnotes":""},"categories":[18,29],"tags":[],"class_list":["post-11416","post","type-post","status-publish","format-standard","has-post-thumbnail","hentry","category-actualites","category-monde"],"_links":{"self":[{"href":"https:\/\/ladepeche.mr\/index.php?rest_route=\/wp\/v2\/posts\/11416","targetHints":{"allow":["GET"]}}],"collection":[{"href":"https:\/\/ladepeche.mr\/index.php?rest_route=\/wp\/v2\/posts"}],"about":[{"href":"https:\/\/ladepeche.mr\/index.php?rest_route=\/wp\/v2\/types\/post"}],"author":[{"embeddable":true,"href":"https:\/\/ladepeche.mr\/index.php?rest_route=\/wp\/v2\/users\/2"}],"replies":[{"embeddable":true,"href":"https:\/\/ladepeche.mr\/index.php?rest_route=%2Fwp%2Fv2%2Fcomments&post=11416"}],"version-history":[{"count":1,"href":"https:\/\/ladepeche.mr\/index.php?rest_route=\/wp\/v2\/posts\/11416\/revisions"}],"predecessor-version":[{"id":11418,"href":"https:\/\/ladepeche.mr\/index.php?rest_route=\/wp\/v2\/posts\/11416\/revisions\/11418"}],"wp:featuredmedia":[{"embeddable":true,"href":"https:\/\/ladepeche.mr\/index.php?rest_route=\/wp\/v2\/media\/11417"}],"wp:attachment":[{"href":"https:\/\/ladepeche.mr\/index.php?rest_route=%2Fwp%2Fv2%2Fmedia&parent=11416"}],"wp:term":[{"taxonomy":"category","embeddable":true,"href":"https:\/\/ladepeche.mr\/index.php?rest_route=%2Fwp%2Fv2%2Fcategories&post=11416"},{"taxonomy":"post_tag","embeddable":true,"href":"https:\/\/ladepeche.mr\/index.php?rest_route=%2Fwp%2Fv2%2Ftags&post=11416"}],"curies":[{"name":"wp","href":"https:\/\/api.w.org\/{rel}","templated":true}]}}