{"id":11425,"date":"2024-09-18T12:10:29","date_gmt":"2024-09-18T12:10:29","guid":{"rendered":"https:\/\/ladepeche.mr\/?p=11425"},"modified":"2024-09-18T12:10:29","modified_gmt":"2024-09-18T12:10:29","slug":"le-ministre-de-leconomie-et-des-finances-recoit-lambassadeur-de-france","status":"publish","type":"post","link":"https:\/\/ladepeche.mr\/?p=11425","title":{"rendered":"Le ministre de l&#8217;\u00c9conomie et des Finances re\u00e7oit l&#8217;ambassadeur de France"},"content":{"rendered":"<p>Son Excellence le ministre de l&#8217;\u00c9conomie et des Finances, M. Sid&#8217;Ahmed Ould Bouh, a re\u00e7u en audience, mardi en milieu de journ\u00e9e, en son bureau, SEM Alexandre Garcia, ambassadeur de France en Mauritanie.<\/p>\n<p>La rencontre a \u00e9t\u00e9 l&#8217;occasion d&#8217;\u00e9voquer les diff\u00e9rents aspects de la coop\u00e9ration et du partenariat entre notre pays et la R\u00e9publique fran\u00e7aise, ainsi que les moyens de renforcer et de d\u00e9velopper davantage ces relations.<\/p>\n<p>Les deux parties ont \u00e9galement examin\u00e9 l&#8217;\u00e9tat d&#8217;avancement des projets financ\u00e9s par l&#8217;Agence fran\u00e7aise de d\u00e9veloppement (AFD) et ont discut\u00e9 des m\u00e9canismes permettant d&#8217;acc\u00e9l\u00e9rer et d&#8217;am\u00e9liorer la mise en \u0153uvre de ces projets et programmes.<\/p>\n<p>Par ailleurs, les interlocuteurs ont abord\u00e9 les moyens de promouvoir le secteur priv\u00e9 et d&#8217;attirer les investissements et les entreprises fran\u00e7aises.<\/p>\n<p>\u00c9taient pr\u00e9sents \u00e0 la rencontre, Fatma Mint Horma, conseill\u00e8re charg\u00e9e du priv\u00e9, M. Mohamed Salem Ould Nani, directeur g\u00e9n\u00e9ral des Financements et de la Coop\u00e9ration au Minist\u00e8re, A\u00efssata Lam, directrice g\u00e9n\u00e9rale de l&#8217;APIM et M. Ignace Monkam-Daverat, nouveau directeur de l&#8217;AFD en Mauritanie.<\/p>\n","protected":false},"excerpt":{"rendered":"<p>Son Excellence le ministre de l&#8217;\u00c9conomie et des Finances, M. Sid&#8217;Ahmed Ould Bouh, a re\u00e7u en audience, mardi en milieu de journ\u00e9e, en son bureau, SEM Alexandre Garcia, ambassadeur de France en Mauritanie. La rencontre a \u00e9t\u00e9 l&#8217;occasion d&#8217;\u00e9voquer les diff\u00e9rents aspects de la coop\u00e9ration et du partenariat entre notre pays et la R\u00e9publique fran\u00e7aise, &hellip;<\/p>\n","protected":false},"author":2,"featured_media":11426,"comment_status":"open","ping_status":"open","sticky":false,"template":"","format":"standard","meta":{"footnotes":""},"categories":[18,2],"tags":[],"class_list":["post-11425","post","type-post","status-publish","format-standard","has-post-thumbnail","hentry","category-actualites","category-economie"],"_links":{"self":[{"href":"https:\/\/ladepeche.mr\/index.php?rest_route=\/wp\/v2\/posts\/11425","targetHints":{"allow":["GET"]}}],"collection":[{"href":"https:\/\/ladepeche.mr\/index.php?rest_route=\/wp\/v2\/posts"}],"about":[{"href":"https:\/\/ladepeche.mr\/index.php?rest_route=\/wp\/v2\/types\/post"}],"author":[{"embeddable":true,"href":"https:\/\/ladepeche.mr\/index.php?rest_route=\/wp\/v2\/users\/2"}],"replies":[{"embeddable":true,"href":"https:\/\/ladepeche.mr\/index.php?rest_route=%2Fwp%2Fv2%2Fcomments&post=11425"}],"version-history":[{"count":1,"href":"https:\/\/ladepeche.mr\/index.php?rest_route=\/wp\/v2\/posts\/11425\/revisions"}],"predecessor-version":[{"id":11427,"href":"https:\/\/ladepeche.mr\/index.php?rest_route=\/wp\/v2\/posts\/11425\/revisions\/11427"}],"wp:featuredmedia":[{"embeddable":true,"href":"https:\/\/ladepeche.mr\/index.php?rest_route=\/wp\/v2\/media\/11426"}],"wp:attachment":[{"href":"https:\/\/ladepeche.mr\/index.php?rest_route=%2Fwp%2Fv2%2Fmedia&parent=11425"}],"wp:term":[{"taxonomy":"category","embeddable":true,"href":"https:\/\/ladepeche.mr\/index.php?rest_route=%2Fwp%2Fv2%2Fcategories&post=11425"},{"taxonomy":"post_tag","embeddable":true,"href":"https:\/\/ladepeche.mr\/index.php?rest_route=%2Fwp%2Fv2%2Ftags&post=11425"}],"curies":[{"name":"wp","href":"https:\/\/api.w.org\/{rel}","templated":true}]}}