{"id":11429,"date":"2024-09-18T12:51:01","date_gmt":"2024-09-18T12:51:01","guid":{"rendered":"https:\/\/ladepeche.mr\/?p=11429"},"modified":"2024-09-18T12:51:58","modified_gmt":"2024-09-18T12:51:58","slug":"justice-le-parquet-ouvre-une-enquete-contre-x","status":"publish","type":"post","link":"https:\/\/ladepeche.mr\/?p=11429","title":{"rendered":"Justice\/Drogue: Le parquet ouvre une enqu\u00eate contre \u00abX\u00a0\u00bb"},"content":{"rendered":"<p>Alors que les supputations vont bon train sur des questions li\u00e9es \u00e0 la drogue et son trafic dans le pays, le procureur de la R\u00e9publique a rendu public un communiqu\u00e9 dans lequel il dit ouvrir une enqu\u00eate se rapportant aux \u00abinformations \u00bb et \u00ab all\u00e9gations \u00bb relatives \u00e0 des violations de loi pour faire la part des choses. Sans autre pr\u00e9cision.<\/p>\n<p>Depuis quelques jours, l\u2019opinion publique est abreuv\u00e9e par les \u00ab\u00a0accusations\u00a0\u00bb de blogueurs dans le pays mais aussi \u00e0 l\u2019ext\u00e9rieur faisant cas d\u2019un trafic de drogue, sans pr\u00e9c\u00e9dent. La rumeur a enfl\u00e9 et pris le pas sur l\u2019information r\u00e9elle. Un doute que le parquet g\u00e9n\u00e9ral promet de lever en ouvrant une enqu\u00eate sur les tenants et les aboutissants de cette fr\u00e9n\u00e9sie.<\/p>\n<p>Le parquet souligne qu\u2019\u00e0 la \u00ab\u00a0suite de la diffusion et de la publication d\u2019informations et de rumeurs concernant des faits de violation de la loi, citant des personnes et des endroits, et apr\u00e8s des plaintes introduites par des personnes qui s\u2019estiment diffam\u00e9es, une enqu\u00eate pr\u00e9liminaire est ouverte pour faire la lumi\u00e8re sur ces informations, ces all\u00e9gations et sur leurs cons\u00e9quences.<\/p>\n<p>Le parquet souligne que son objectif est de faire toute la lumi\u00e8re sur cette affaire \u00e0 travers des preuves l\u00e9gales qui s\u2019y rapportent pour d\u00e9terminer les responsabilit\u00e9s p\u00e9nales des personnes concern\u00e9es afin de pr\u00e9server l\u2019ordre public et l\u2019int\u00e9grit\u00e9 des citoyens.<\/p>\n","protected":false},"excerpt":{"rendered":"<p>Alors que les supputations vont bon train sur des questions li\u00e9es \u00e0 la drogue et son trafic dans le pays, le procureur de la R\u00e9publique a rendu public un communiqu\u00e9 dans lequel il dit ouvrir une enqu\u00eate se rapportant aux \u00abinformations \u00bb et \u00ab all\u00e9gations \u00bb relatives \u00e0 des violations de loi pour faire la &hellip;<\/p>\n","protected":false},"author":2,"featured_media":11430,"comment_status":"open","ping_status":"open","sticky":false,"template":"","format":"standard","meta":{"footnotes":""},"categories":[18],"tags":[],"class_list":["post-11429","post","type-post","status-publish","format-standard","has-post-thumbnail","hentry","category-actualites"],"_links":{"self":[{"href":"https:\/\/ladepeche.mr\/index.php?rest_route=\/wp\/v2\/posts\/11429","targetHints":{"allow":["GET"]}}],"collection":[{"href":"https:\/\/ladepeche.mr\/index.php?rest_route=\/wp\/v2\/posts"}],"about":[{"href":"https:\/\/ladepeche.mr\/index.php?rest_route=\/wp\/v2\/types\/post"}],"author":[{"embeddable":true,"href":"https:\/\/ladepeche.mr\/index.php?rest_route=\/wp\/v2\/users\/2"}],"replies":[{"embeddable":true,"href":"https:\/\/ladepeche.mr\/index.php?rest_route=%2Fwp%2Fv2%2Fcomments&post=11429"}],"version-history":[{"count":2,"href":"https:\/\/ladepeche.mr\/index.php?rest_route=\/wp\/v2\/posts\/11429\/revisions"}],"predecessor-version":[{"id":11432,"href":"https:\/\/ladepeche.mr\/index.php?rest_route=\/wp\/v2\/posts\/11429\/revisions\/11432"}],"wp:featuredmedia":[{"embeddable":true,"href":"https:\/\/ladepeche.mr\/index.php?rest_route=\/wp\/v2\/media\/11430"}],"wp:attachment":[{"href":"https:\/\/ladepeche.mr\/index.php?rest_route=%2Fwp%2Fv2%2Fmedia&parent=11429"}],"wp:term":[{"taxonomy":"category","embeddable":true,"href":"https:\/\/ladepeche.mr\/index.php?rest_route=%2Fwp%2Fv2%2Fcategories&post=11429"},{"taxonomy":"post_tag","embeddable":true,"href":"https:\/\/ladepeche.mr\/index.php?rest_route=%2Fwp%2Fv2%2Ftags&post=11429"}],"curies":[{"name":"wp","href":"https:\/\/api.w.org\/{rel}","templated":true}]}}