{"id":11433,"date":"2024-09-18T22:10:24","date_gmt":"2024-09-18T22:10:24","guid":{"rendered":"https:\/\/ladepeche.mr\/?p=11433"},"modified":"2024-09-18T22:10:53","modified_gmt":"2024-09-18T22:10:53","slug":"conseil-des-ministres-approbation-du-projet-de-loi-de-finance-rectificative-2024","status":"publish","type":"post","link":"https:\/\/ladepeche.mr\/?p=11433","title":{"rendered":"Conseil des ministres: Approbation du projet de loi de finance rectificative 2024"},"content":{"rendered":"<p>Le Conseil des Ministres s\u2019est r\u00e9uni le Mercredi 18 septembre 2024, sous la Pr\u00e9sidence de Son Excellence Monsieur Mohamed Ould Cheikh El-Ghazouani, Pr\u00e9sident de la R\u00e9publique.<\/p>\n<p>Le Conseil a examin\u00e9 et approuv\u00e9 les deux projets de lois suivants :<\/p>\n<p>\u2010 Projet de loi portant loi des finances rectificative 2024.<\/p>\n<p>L\u2019\u00e9laboration du Projet de Loi de Finances Rectificative (PLFR) pour l\u2019ann\u00e9e 2024 s\u2019inscrit dans un contexte de confiance renouvel\u00e9e du peuple mauritanien \u00e0 travers la r\u00e9\u00e9lection de Son Excellence Monsieur le Pr\u00e9sident de la R\u00e9publique, Mohamed Ould Cheikh El Ghazouani, pour un second mandat, et vise \u00e0 :<\/p>\n<p>\u2013 Aligner la politique budg\u00e9taire sur les priorit\u00e9s du programme de SEM le Pr\u00e9sident de la R\u00e9publique \u00ab Mon Ambition pour la Patrie \u00bb concr\u00e9tis\u00e9s dans la politique g\u00e9n\u00e9rale du Gouvernement qui vise pour le reste de l\u2019ann\u00e9e \u00e0 :<\/p>\n<p>\u2022 Acc\u00e9l\u00e9rer l\u2019ex\u00e9cution des grands projets en cours de mise en \u0153uvre ;<\/p>\n<p>\u2022 Lever les obstacles qui emp\u00eachent ou ralentissent le lancement des autres projets dont les ressources ont \u00e9t\u00e9 mobilis\u00e9es ;<\/p>\n<p>\u2022 Concevoir et lancer des programmes prioritaires d\u2019am\u00e9lioration des conditions de vie des citoyens ;<\/p>\n<p>\u2022 Lancer certaines \u00e9tudes n\u00e9cessaires \u00e0 l\u2019ex\u00e9cution des r\u00e9formes strat\u00e9giques de la politique g\u00e9n\u00e9rale du Gouvernement ;<\/p>\n<p>\u2022 Prendre en charge les besoins en lien avec le renforcement des capacit\u00e9s en d\u00e9fense.<\/p>\n<p>\u2013 Adopter l\u2019architecture du budget de l\u2019\u00c9tat en accord avec le nouvel organigramme du Gouvernement r\u00e9cemment constitu\u00e9, afin d\u2019assurer une r\u00e9partition optimale et efficace des ressources publiques. Cette r\u00e9vision vise \u00e0 garantir que chaque minist\u00e8re et entit\u00e9 gouvernementale dispose des moyens n\u00e9cessaires pour accomplir ses missions conform\u00e9ment aux nouvelles priorit\u00e9s fix\u00e9es, tout en favorisant une gestion rigoureuse et transparente des fonds publics.<\/p>\n<p>\u2013 Actualiser les pr\u00e9visions budg\u00e9taires pour tenir compte de l\u2019\u00e9volution du contexte \u00e9conomique et des nouvelles mesures adopt\u00e9es.<\/p>\n<p>\u2013 Maintenir la r\u00e9alisation des engagements contenus dans le programme \u00e9conomique et financier 2023-2026, appuy\u00e9 par la Facilit\u00e9 \u00c9largie de Cr\u00e9dit (FEC) et le M\u00e9canis.<\/p>\n<p>Le Pr\u00e9sent Projet de Loi de Finances Rectificative (PLFR) pour l\u2019ann\u00e9e 2024 s\u2019\u00e9quilibre en recettes et en d\u00e9penses \u00e0 la somme de cent sept milliards sept cent quinze millions cinq cent quarante-trois mille deux cent cinquante-cinq (107.715.543.255) Ouguiyas MRU contre cent huit milliards cent vingt-neuf millions huit cent cinquante et un mille sept cent trente-trois (108.129.851.733) Ouguiyas MRU dans la loi de finances de l\u2019ann\u00e9e 2024, soit une r\u00e9gression de -0,38%.<\/p>\n<p>\u2010 Projet de loi abrogeant et rempla\u00e7ant la loi 2017-006 modifi\u00e9e, relative au partenariat public et priv\u00e9.<\/p>\n<p>Le pr\u00e9sent projet de loi modifiant la loi 2017-006 modifi\u00e9e, relative au partenariat entre les secteurs public et priv\u00e9 s\u2019inscrit dans le cadre de l\u2019incarnation de la vision de Son Excellence le Pr\u00e9sident de la R\u00e9publique, Mohamed Ould Cheikh El-Ghazouani, d\u2019acc\u00e9l\u00e9rer le rythme du d\u00e9veloppement \u00e9conomique et social de notre pays en diversifiant les sources de financement des projets structurants de mani\u00e8re \u00e0 garantir l\u2019all\u00e9gement de leur charge sur les finances publiques et en garantissant la qualit\u00e9 de leur mise en \u0153uvre dans les d\u00e9lais appropri\u00e9s.<\/p>\n<p>Ce pr\u00e9sent projet de loi ajoute une garantie suppl\u00e9mentaire \u00e0 la question du contr\u00f4le et de la transparence en obligeant la pr\u00e9sentation des projets d\u2019attribution par voie de n\u00e9gociation devant le Conseil des ministres pour approbation pr\u00e9alable comme condition de leur conclusion.<\/p>\n<p>Le Conseil a \u00e9galement examin\u00e9 et adopt\u00e9 les deux projets de d\u00e9crets suivants :<\/p>\n<p>\u2010 Projet de d\u00e9cret portant nomination du pr\u00e9sident du conseil d\u2019administration du Centre Hospitalier d\u2019Aleg.<\/p>\n<p>\u2010 Projet de d\u00e9cret portant nomination des membres du conseil d\u2019administration de l\u2019Agence Nationale MAADEN Mauritanie.<\/p>\n<p>Le Ministre de l\u2019autonomisation des Jeunes, de l\u2019Emploi, des Sports et du Service Civique, le Ministre de la Formation Professionnelle, de l\u2019Artisanat et des M\u00e9tiers et le Ministre de l\u2019Agriculture et de la Souverainet\u00e9 Alimentaire ont pr\u00e9sent\u00e9 une communication conjointe, relative \u00e0 la mise en place d\u2019un projet pilote de cr\u00e9ation de 200 emplois dans le secteur de l\u2019agriculture.<\/p>\n<p>Cette communication porte sur la cr\u00e9ation d\u2019opportunit\u00e9s d\u2019emplois pour les jeunes \u00e0 travers la mise en place d\u2019un projet pilote, qui donnera la priorit\u00e9 \u00e0 l\u2019insertion individuelle des jeunes dipl\u00f4m\u00e9s, en leur attribuant des parcelles de 7 hectares, qui garantira une rentabilit\u00e9 importante et cr\u00e9era des emplois permanents et durables.<\/p>\n<p>Ce projet contribuera \u00e0 renforcer l\u2019autosuffisance en riz et l\u2019autonomisation des jeunes \u00e0 travers :<\/p>\n<p>\u2010 L\u2019exploitation de 650 ha pour la production de riz entre R\u2019kiz et Mbakhdjek;<\/p>\n<p>\u2010 La cr\u00e9ation de plus de 200 emplois directs permanents dont (a) 87 dipl\u00f4m\u00e9s ch\u00f4meurs r\u00e9partis entre R\u2019kiz (75) et Mbakhdjek (12) \u00e0 raison de 7 ha pour chaque dipl\u00f4m\u00e9 \u00e0 R\u2019kiz et 10h \u00e0 M\u2019baghdjek) ; et (b) 174 ouvriers recrut\u00e9s localement \u00e0 raison de 2 ouvriers par hectare ;<\/p>\n<p>\u2010 L\u2019int\u00e9gration d\u2019une nouvelle g\u00e9n\u00e9ration de jeunes producteurs dans le domaine de l\u2019agriculture et les former de mani\u00e8re appropri\u00e9e ;<\/p>\n<p>\u2010 Le d\u00e9veloppement des chaines de valeur autour de la production, la commercialisation et la transformation des produits agricoles.<\/p>\n<p>Le Ministre des Affaires Etrang\u00e8res, de la Coop\u00e9ration Africaine et des Mauritaniens de l\u2019Ext\u00e9rieur, a pr\u00e9sent\u00e9 une communication relative \u00e0 la situation internationale.<\/p>\n<p>Le Ministre de l\u2019Int\u00e9rieur, de la Promotion de la D\u00e9centralisation et du D\u00e9veloppement Local a pr\u00e9sent\u00e9 une communication relative \u00e0 la situation int\u00e9rieure.<\/p>\n<p>La Ministre de l\u2019Education et de la R\u00e9forme du Syst\u00e8me d\u2019Enseignement, le Ministre des Affaires Islamiques et de l\u2019Enseignement Originel et la Ministre de l\u2019Action Sociale, de l\u2019Enfance et de la Famille ont pr\u00e9sent\u00e9 une communication conjointe relative \u00e0 la rentr\u00e9e scolaire 2024-2025.<\/p>\n<p>Cette communication a permis d\u2019exposer les principaux r\u00e9sultats de l\u2019ann\u00e9e scolaire 2023-2024, les r\u00e9alisations majeures des d\u00e9partements concern\u00e9s, les besoins identifi\u00e9s et les perspectives \u00e0 court terme, qui vont permettre d\u2019assurer des performances optimales et de meilleurs r\u00e9sultats, lors de la prochaine ann\u00e9e scolaire 2024-2025.<\/p>\n<p>Ami<\/p>\n<p>Titre LDM<\/p>\n","protected":false},"excerpt":{"rendered":"<p>Le Conseil des Ministres s\u2019est r\u00e9uni le Mercredi 18 septembre 2024, sous la Pr\u00e9sidence de Son Excellence Monsieur Mohamed Ould Cheikh El-Ghazouani, Pr\u00e9sident de la R\u00e9publique. Le Conseil a examin\u00e9 et approuv\u00e9 les deux projets de lois suivants : \u2010 Projet de loi portant loi des finances rectificative 2024. L\u2019\u00e9laboration du Projet de Loi de &hellip;<\/p>\n","protected":false},"author":2,"featured_media":11438,"comment_status":"open","ping_status":"open","sticky":false,"template":"","format":"standard","meta":{"footnotes":""},"categories":[18,2],"tags":[],"class_list":["post-11433","post","type-post","status-publish","format-standard","has-post-thumbnail","hentry","category-actualites","category-economie"],"_links":{"self":[{"href":"https:\/\/ladepeche.mr\/index.php?rest_route=\/wp\/v2\/posts\/11433","targetHints":{"allow":["GET"]}}],"collection":[{"href":"https:\/\/ladepeche.mr\/index.php?rest_route=\/wp\/v2\/posts"}],"about":[{"href":"https:\/\/ladepeche.mr\/index.php?rest_route=\/wp\/v2\/types\/post"}],"author":[{"embeddable":true,"href":"https:\/\/ladepeche.mr\/index.php?rest_route=\/wp\/v2\/users\/2"}],"replies":[{"embeddable":true,"href":"https:\/\/ladepeche.mr\/index.php?rest_route=%2Fwp%2Fv2%2Fcomments&post=11433"}],"version-history":[{"count":2,"href":"https:\/\/ladepeche.mr\/index.php?rest_route=\/wp\/v2\/posts\/11433\/revisions"}],"predecessor-version":[{"id":11440,"href":"https:\/\/ladepeche.mr\/index.php?rest_route=\/wp\/v2\/posts\/11433\/revisions\/11440"}],"wp:featuredmedia":[{"embeddable":true,"href":"https:\/\/ladepeche.mr\/index.php?rest_route=\/wp\/v2\/media\/11438"}],"wp:attachment":[{"href":"https:\/\/ladepeche.mr\/index.php?rest_route=%2Fwp%2Fv2%2Fmedia&parent=11433"}],"wp:term":[{"taxonomy":"category","embeddable":true,"href":"https:\/\/ladepeche.mr\/index.php?rest_route=%2Fwp%2Fv2%2Fcategories&post=11433"},{"taxonomy":"post_tag","embeddable":true,"href":"https:\/\/ladepeche.mr\/index.php?rest_route=%2Fwp%2Fv2%2Ftags&post=11433"}],"curies":[{"name":"wp","href":"https:\/\/api.w.org\/{rel}","templated":true}]}}