{"id":11434,"date":"2024-09-18T21:05:22","date_gmt":"2024-09-18T21:05:22","guid":{"rendered":"https:\/\/ladepeche.mr\/?p=11434"},"modified":"2024-09-18T21:05:22","modified_gmt":"2024-09-18T21:05:22","slug":"lagnu-appelle-a-la-fin-de-loccupation-israelienne-en-palestine-dici-un-an","status":"publish","type":"post","link":"https:\/\/ladepeche.mr\/?p=11434","title":{"rendered":"L&#8217;AGNU appelle \u00e0 la fin de l&#8217;occupation isra\u00e9lienne en Palestine d&#8217;ici un an"},"content":{"rendered":"<p style=\"text-align: left;\"><strong>L&#8217;Assembl\u00e9e g\u00e9n\u00e9rale des Nations Unies (AGNU) a adopt\u00e9 mercredi \u00e0 une tr\u00e8s large majorit\u00e9 une r\u00e9solution non contraignante exigeant la fin de l&#8217;occupation isra\u00e9lienne du territoire palestinien dans les 12 prochains mois.<\/strong><\/p>\n<p>NEW YORK, 18 septembre (Xinhua) &#8212; L&#8217;Assembl\u00e9e g\u00e9n\u00e9rale des Nations Unies (AGNU) a adopt\u00e9 mercredi \u00e0 une tr\u00e8s large majorit\u00e9 une r\u00e9solution non contraignante exigeant la fin de l&#8217;occupation isra\u00e9lienne du territoire palestinien dans les 12 prochains mois.<\/p>\n<p>La r\u00e9solution a \u00e9t\u00e9 adopt\u00e9e par 124 voix pour, 14 contre et 43 abstentions, lors de la 10\u00e8me session sp\u00e9ciale d&#8217;urgence de l&#8217;AGNU consacr\u00e9e aux actions isra\u00e9liennes \u00e0 J\u00e9rusalem-Est occup\u00e9e et dans le reste du territoire palestinien occup\u00e9.<\/p>\n<p>La r\u00e9solution exigeant qu&#8217;Isra\u00ebl respecte toutes ses obligations l\u00e9gales au titre du droit international, y compris les avis consultatifs de la Cour internationale de justice, a \u00e9t\u00e9 pr\u00e9sent\u00e9e par l&#8217;Etat de Palestine mardi et a \u00e9t\u00e9 coparrain\u00e9e par plus de deux dizaines de nations.<\/p>\n<p>Par cette r\u00e9solution, l&#8217;AGNU &#8220;exige qu&#8217;Isra\u00ebl mette fin sans d\u00e9lai \u00e0 sa pr\u00e9sence ill\u00e9gale dans le territoire palestinien occup\u00e9, qui constitue un fait illicite de caract\u00e8re continu engageant sa responsabilit\u00e9 internationale, et qu&#8217;il le fasse au plus tard douze mois apr\u00e8s l&#8217;adoption de la pr\u00e9sente r\u00e9solution&#8221;.<\/p>\n<p>L&#8217;AGNU exige \u00e9galement qu&#8217;Isra\u00ebl se conforme sans d\u00e9lai \u00e0 toutes les obligations juridiques qui lui incombent au titre du droit international, y compris celles stipul\u00e9es par la Cour internationale de justice.<br \/>\nXinhua<\/p>\n","protected":false},"excerpt":{"rendered":"<p>L&#8217;Assembl\u00e9e g\u00e9n\u00e9rale des Nations Unies (AGNU) a adopt\u00e9 mercredi \u00e0 une tr\u00e8s large majorit\u00e9 une r\u00e9solution non contraignante exigeant la fin de l&#8217;occupation isra\u00e9lienne du territoire palestinien dans les 12 prochains mois. NEW YORK, 18 septembre (Xinhua) &#8212; L&#8217;Assembl\u00e9e g\u00e9n\u00e9rale des Nations Unies (AGNU) a adopt\u00e9 mercredi \u00e0 une tr\u00e8s large majorit\u00e9 une r\u00e9solution non &hellip;<\/p>\n","protected":false},"author":2,"featured_media":11435,"comment_status":"open","ping_status":"open","sticky":false,"template":"","format":"standard","meta":{"footnotes":""},"categories":[18,29],"tags":[],"class_list":["post-11434","post","type-post","status-publish","format-standard","has-post-thumbnail","hentry","category-actualites","category-monde"],"_links":{"self":[{"href":"https:\/\/ladepeche.mr\/index.php?rest_route=\/wp\/v2\/posts\/11434","targetHints":{"allow":["GET"]}}],"collection":[{"href":"https:\/\/ladepeche.mr\/index.php?rest_route=\/wp\/v2\/posts"}],"about":[{"href":"https:\/\/ladepeche.mr\/index.php?rest_route=\/wp\/v2\/types\/post"}],"author":[{"embeddable":true,"href":"https:\/\/ladepeche.mr\/index.php?rest_route=\/wp\/v2\/users\/2"}],"replies":[{"embeddable":true,"href":"https:\/\/ladepeche.mr\/index.php?rest_route=%2Fwp%2Fv2%2Fcomments&post=11434"}],"version-history":[{"count":1,"href":"https:\/\/ladepeche.mr\/index.php?rest_route=\/wp\/v2\/posts\/11434\/revisions"}],"predecessor-version":[{"id":11436,"href":"https:\/\/ladepeche.mr\/index.php?rest_route=\/wp\/v2\/posts\/11434\/revisions\/11436"}],"wp:featuredmedia":[{"embeddable":true,"href":"https:\/\/ladepeche.mr\/index.php?rest_route=\/wp\/v2\/media\/11435"}],"wp:attachment":[{"href":"https:\/\/ladepeche.mr\/index.php?rest_route=%2Fwp%2Fv2%2Fmedia&parent=11434"}],"wp:term":[{"taxonomy":"category","embeddable":true,"href":"https:\/\/ladepeche.mr\/index.php?rest_route=%2Fwp%2Fv2%2Fcategories&post=11434"},{"taxonomy":"post_tag","embeddable":true,"href":"https:\/\/ladepeche.mr\/index.php?rest_route=%2Fwp%2Fv2%2Ftags&post=11434"}],"curies":[{"name":"wp","href":"https:\/\/api.w.org\/{rel}","templated":true}]}}