{"id":11469,"date":"2024-09-20T10:32:42","date_gmt":"2024-09-20T10:32:42","guid":{"rendered":"https:\/\/ladepeche.mr\/?p=11469"},"modified":"2024-09-20T10:32:42","modified_gmt":"2024-09-20T10:32:42","slug":"un-hommage-au-professeur-mohamed-mahmoud-ould-mohamedou","status":"publish","type":"post","link":"https:\/\/ladepeche.mr\/?p=11469","title":{"rendered":"Un hommage au Professeur Mohamed Mahmoud Ould Mohamedou"},"content":{"rendered":"<p>Bien connu des lecteurs du \u00abTemps\u00bb, le professeur d&#8217;histoire internationale et directeur-adjoint du Geneva Graduate Institute est d\u00e9c\u00e9d\u00e9 le 17 septembre dernier. La directrice de l&#8217;IHEID et le responsable de son programme pluridisciplinaire lui rendent hommage.<\/p>\n<p>Le 17\u00a0septembre 2024, notre coll\u00e8gue et ami, le professeur Mohamed Mahmoud Ould Mohamedou, nous a quitt\u00e9s, h\u00e9las bien trop t\u00f4t. Toutes nos pens\u00e9es accompagnent son \u00e9pouse et ses trois enfants.<\/p>\n<p>L\u2019Institut de hautes \u00e9tudes internationales et du d\u00e9veloppement ne sera plus tout \u00e0 fait le m\u00eame sans Mahmoud. Nous perdons tout \u00e0 la fois un grand chercheur en histoire et politique internationales, un enseignant exceptionnel, notre directeur de la formation continue et notre directeur adjoint. Avant de rejoindre l\u2019institut au d\u00e9but des ann\u00e9es 2010, Mahmoud avait \u00e9t\u00e9 chercheur associ\u00e9 \u00e0 l\u2019Institut Ralph Bunche sur les Nations unies \u00e0 New York, directeur associ\u00e9 du programme Humanitarian Policy and Conflict Research \u00e0 Harvard, ministre des Affaires \u00e9trang\u00e8res de la Mauritanie et directeur adjoint du Centre de politique de s\u00e9curit\u00e9, Gen\u00e8ve.<\/p>\n<div id=\"adnz_infeed_1\" data-adnz-placement=\"1\" data-adnz-effect-tag=\"ad:adnz_infeed_1\" data-adnz-shown=\"0\" data-adnz-loaded=\"0\"><\/div>\n<div id=\"paywal-content\" class=\"post-body-wrapper paywall-content\">\n<div class=\"post-body\">\n<h3>R\u00e9compens\u00e9 par de nombreux prix<\/h3>\n<p>Le chercheur l\u00e8gue une \u0153uvre acad\u00e9mique et critique riche et tr\u00e8s originale. Intellectuel brillant, il a repouss\u00e9 les fronti\u00e8res de la recherche sur des enjeux cl\u00e9s comme le terrorisme, la violence politique, les nouvelles formes de conflits, le\u00a0<em>state-building<\/em>, les transitions d\u00e9mocratiques et l\u2019histoire du racisme. Ses travaux lui ont valu le Prix du Coll\u00e8ge de France en 2017 et le Global South Distinguished Award de l\u2019International Studies Association en 2021. Mahmoud savait partager largement son analyse et sa compr\u00e9hension du monde: ses interventions dans les m\u00e9dias ou lors d\u2019\u00e9v\u00e9nements \u00e0 l\u2019Institut nous donnaient toujours l\u2019impression d\u2019\u00eatre plus intelligents apr\u00e8s.<\/p>\n<p>&nbsp;<\/p>\n<figure class=\"is-large\"><a class=\"glightbox\" href=\"https:\/\/www.letemps.ch\/placeholder.png\" data-type=\"image\" data-description=\"Davide Rodogno (\u00e0 g.) et Mohammad Mahmoud Ould Mohamedou, professeurs d\u2019histoire \u00e0 l\u2019Institut de hautes \u00e9tudes internationales et du d\u00e9veloppement (IHEID) de Gen\u00e8ve, en d\u00e9cembre 2020. \u2014 \u00a9 Mark Henley \/ Panos Pictures pour Le Temps\" data-sizes=\"(max-width: 720px) 1280px, 1920px\" data-srcset=\"https:\/\/letemps-17455.kxcdn.com\/photos\/97630b46-5e17-4e95-b134-c7b6d0359553\/large 1280w, https:\/\/letemps-17455.kxcdn.com\/photos\/97630b46-5e17-4e95-b134-c7b6d0359553\/giant 1920w\"><picture><source type=\"image\/avif\" media=\"(min-width: 720px)\" data-srcset=\"https:\/\/letemps-17455.kxcdn.com\/photos\/97630b46-5e17-4e95-b134-c7b6d0359553\/large.avif 1x, https:\/\/letemps-17455.kxcdn.com\/photos\/97630b46-5e17-4e95-b134-c7b6d0359553\/giant.avif 2x\" \/><source type=\"image\/avif\" media=\"(min-width: 480px)\" data-srcset=\"https:\/\/letemps-17455.kxcdn.com\/photos\/97630b46-5e17-4e95-b134-c7b6d0359553\/medium.avif 1x, https:\/\/letemps-17455.kxcdn.com\/photos\/97630b46-5e17-4e95-b134-c7b6d0359553\/large.avif 2x\" \/><source type=\"image\/avif\" media=\"(min-width: 240px)\" data-srcset=\"https:\/\/letemps-17455.kxcdn.com\/photos\/97630b46-5e17-4e95-b134-c7b6d0359553\/small.avif 1x, https:\/\/letemps-17455.kxcdn.com\/photos\/97630b46-5e17-4e95-b134-c7b6d0359553\/medium.avif 2x\" \/><source type=\"image\/webp\" media=\"(min-width: 720px)\" data-srcset=\"https:\/\/letemps-17455.kxcdn.com\/photos\/97630b46-5e17-4e95-b134-c7b6d0359553\/large.webp 1x, https:\/\/letemps-17455.kxcdn.com\/photos\/97630b46-5e17-4e95-b134-c7b6d0359553\/giant.webp 2x\" \/><source type=\"image\/webp\" media=\"(min-width: 480px)\" data-srcset=\"https:\/\/letemps-17455.kxcdn.com\/photos\/97630b46-5e17-4e95-b134-c7b6d0359553\/medium.webp 1x, https:\/\/letemps-17455.kxcdn.com\/photos\/97630b46-5e17-4e95-b134-c7b6d0359553\/large.webp 2x\" \/><source type=\"image\/webp\" media=\"(min-width: 240px)\" data-srcset=\"https:\/\/letemps-17455.kxcdn.com\/photos\/97630b46-5e17-4e95-b134-c7b6d0359553\/small.webp 1x, https:\/\/letemps-17455.kxcdn.com\/photos\/97630b46-5e17-4e95-b134-c7b6d0359553\/medium.webp 2x\" \/><source type=\"image\/jpeg\" media=\"(min-width: 720px)\" data-srcset=\"https:\/\/letemps-17455.kxcdn.com\/photos\/97630b46-5e17-4e95-b134-c7b6d0359553\/large.jpg 1x, https:\/\/letemps-17455.kxcdn.com\/photos\/97630b46-5e17-4e95-b134-c7b6d0359553\/giant.jpg 2x\" \/><source type=\"image\/jpeg\" media=\"(min-width: 480px)\" data-srcset=\"https:\/\/letemps-17455.kxcdn.com\/photos\/97630b46-5e17-4e95-b134-c7b6d0359553\/medium.jpg 1x, https:\/\/letemps-17455.kxcdn.com\/photos\/97630b46-5e17-4e95-b134-c7b6d0359553\/large.jpg 2x\" \/><source type=\"image\/jpeg\" media=\"(min-width: 240px)\" data-srcset=\"https:\/\/letemps-17455.kxcdn.com\/photos\/97630b46-5e17-4e95-b134-c7b6d0359553\/small.jpg 1x, https:\/\/letemps-17455.kxcdn.com\/photos\/97630b46-5e17-4e95-b134-c7b6d0359553\/medium.jpg 2x\" \/><\/picture><\/a>Le professeur a marqu\u00e9 des g\u00e9n\u00e9rations d\u2019\u00e9tudiant\u00b7es mais aussi de professionnel\u00b7les. MMM (comme ses \u00e9tudiant\u00b7es l\u2019appelaient avec tendresse) \u00e9tait un enseignant passionn\u00e9 et passionnant, exigeant mais juste, un Ma\u00eetre comme on disait autrefois. Il prenait tr\u00e8s au s\u00e9rieux son engagement p\u00e9dagogique et partageait sans compter son temps, sa profonde compr\u00e9hension des dynamiques historiques et contemporaines, sa rigueur, son \u00e9nergie intense et son humanit\u00e9.<\/p>\n<h3>Un professeur \u00abgratuit\u00bb<\/h3>\n<p>Cette humanit\u00e9 \u00e9tait sa marque de fabrique. Mahmoud \u00e9tait un homme d\u2019une int\u00e9grit\u00e9, d\u2019une g\u00e9n\u00e9rosit\u00e9, d\u2019une authenticit\u00e9 et d\u2019une \u00e9l\u00e9gance exceptionnelles. Comme il aimait \u00e0 le dire: \u00abJe suis gratuit.\u00bb Il incarnait la conception de la diplomatie qu\u2019il d\u00e9fendait: ouvert au dialogue avec tous, toujours, il croyait fermement \u00e0 la collaboration internationale et \u00e0 la paix.<\/p>\n<p>Farouchement engag\u00e9 contre toute forme d\u2019injustice, de discrimination et de racisme, il a fait valoir ses arguments bien au-del\u00e0 du monde acad\u00e9mique. Cin\u00e9phile, passionn\u00e9 de litt\u00e9rature, de musique mais aussi de football, il restera l\u2019une des figures les plus marquantes, les plus aim\u00e9es et admir\u00e9es de l\u2019histoire de l\u2019institut. Il va terriblement nous manquer, mais son h\u00e9ritage nous inspire et nous incite \u00e0 continuer dans la direction qu\u2019il a trac\u00e9e.<\/p>\n<p>https:\/\/www.letemps.ch\/opinions\/un-hommage-au-professeur-mohamed-mahmoud-ould-mohamedou<\/figure>\n<\/div>\n<\/div>\n","protected":false},"excerpt":{"rendered":"<p>Bien connu des lecteurs du \u00abTemps\u00bb, le professeur d&#8217;histoire internationale et directeur-adjoint du Geneva Graduate Institute est d\u00e9c\u00e9d\u00e9 le 17 septembre dernier. La directrice de l&#8217;IHEID et le responsable de son programme pluridisciplinaire lui rendent hommage. Le 17\u00a0septembre 2024, notre coll\u00e8gue et ami, le professeur Mohamed Mahmoud Ould Mohamedou, nous a quitt\u00e9s, h\u00e9las bien trop &hellip;<\/p>\n","protected":false},"author":2,"featured_media":11470,"comment_status":"open","ping_status":"open","sticky":false,"template":"","format":"standard","meta":{"footnotes":""},"categories":[18,15,31],"tags":[],"class_list":["post-11469","post","type-post","status-publish","format-standard","has-post-thumbnail","hentry","category-actualites","category-culture","category-politique-et-reportages"],"_links":{"self":[{"href":"https:\/\/ladepeche.mr\/index.php?rest_route=\/wp\/v2\/posts\/11469","targetHints":{"allow":["GET"]}}],"collection":[{"href":"https:\/\/ladepeche.mr\/index.php?rest_route=\/wp\/v2\/posts"}],"about":[{"href":"https:\/\/ladepeche.mr\/index.php?rest_route=\/wp\/v2\/types\/post"}],"author":[{"embeddable":true,"href":"https:\/\/ladepeche.mr\/index.php?rest_route=\/wp\/v2\/users\/2"}],"replies":[{"embeddable":true,"href":"https:\/\/ladepeche.mr\/index.php?rest_route=%2Fwp%2Fv2%2Fcomments&post=11469"}],"version-history":[{"count":1,"href":"https:\/\/ladepeche.mr\/index.php?rest_route=\/wp\/v2\/posts\/11469\/revisions"}],"predecessor-version":[{"id":11471,"href":"https:\/\/ladepeche.mr\/index.php?rest_route=\/wp\/v2\/posts\/11469\/revisions\/11471"}],"wp:featuredmedia":[{"embeddable":true,"href":"https:\/\/ladepeche.mr\/index.php?rest_route=\/wp\/v2\/media\/11470"}],"wp:attachment":[{"href":"https:\/\/ladepeche.mr\/index.php?rest_route=%2Fwp%2Fv2%2Fmedia&parent=11469"}],"wp:term":[{"taxonomy":"category","embeddable":true,"href":"https:\/\/ladepeche.mr\/index.php?rest_route=%2Fwp%2Fv2%2Fcategories&post=11469"},{"taxonomy":"post_tag","embeddable":true,"href":"https:\/\/ladepeche.mr\/index.php?rest_route=%2Fwp%2Fv2%2Ftags&post=11469"}],"curies":[{"name":"wp","href":"https:\/\/api.w.org\/{rel}","templated":true}]}}