{"id":11472,"date":"2024-09-20T11:30:47","date_gmt":"2024-09-20T11:30:47","guid":{"rendered":"https:\/\/ladepeche.mr\/?p=11472"},"modified":"2024-09-20T10:36:37","modified_gmt":"2024-09-20T10:36:37","slug":"le-president-de-la-republique-sentretient-par-telephone-avec-le-president-de-la-transition-du-mali","status":"publish","type":"post","link":"https:\/\/ladepeche.mr\/?p=11472","title":{"rendered":"Le pr\u00e9sident de la R\u00e9publique s\u2019entretient par t\u00e9l\u00e9phone avec le pr\u00e9sident de la transition du Mali"},"content":{"rendered":"<p>Son Excellence le Pr\u00e9sident de la R\u00e9publique, Monsieur Mohamed Ould Cheikh El-Ghazouani, a eu, jeudi, un entretien t\u00e9l\u00e9phonique avec le pr\u00e9sident de la transition de la R\u00e9publique du Mali, le colonel Assimi Go\u00efta, suite aux \u00e9v\u00e9nements sanglants survenus r\u00e9cemment dans la capitale Bamako, lui pr\u00e9sentant les condol\u00e9ances au nom du gouvernement et du peuple mauritaniens.<\/p>\n<p>Il a \u00e9galement exprim\u00e9 son enti\u00e8re solidarit\u00e9 avec le peuple malien fr\u00e8re et a souhait\u00e9 \u00e0 la R\u00e9publique du Mali paix et stabilit\u00e9.<\/p>\n","protected":false},"excerpt":{"rendered":"<p>Son Excellence le Pr\u00e9sident de la R\u00e9publique, Monsieur Mohamed Ould Cheikh El-Ghazouani, a eu, jeudi, un entretien t\u00e9l\u00e9phonique avec le pr\u00e9sident de la transition de la R\u00e9publique du Mali, le colonel Assimi Go\u00efta, suite aux \u00e9v\u00e9nements sanglants survenus r\u00e9cemment dans la capitale Bamako, lui pr\u00e9sentant les condol\u00e9ances au nom du gouvernement et du peuple mauritaniens. &hellip;<\/p>\n","protected":false},"author":2,"featured_media":11473,"comment_status":"open","ping_status":"open","sticky":false,"template":"","format":"standard","meta":{"footnotes":""},"categories":[18,29],"tags":[],"class_list":["post-11472","post","type-post","status-publish","format-standard","has-post-thumbnail","hentry","category-actualites","category-monde"],"_links":{"self":[{"href":"https:\/\/ladepeche.mr\/index.php?rest_route=\/wp\/v2\/posts\/11472","targetHints":{"allow":["GET"]}}],"collection":[{"href":"https:\/\/ladepeche.mr\/index.php?rest_route=\/wp\/v2\/posts"}],"about":[{"href":"https:\/\/ladepeche.mr\/index.php?rest_route=\/wp\/v2\/types\/post"}],"author":[{"embeddable":true,"href":"https:\/\/ladepeche.mr\/index.php?rest_route=\/wp\/v2\/users\/2"}],"replies":[{"embeddable":true,"href":"https:\/\/ladepeche.mr\/index.php?rest_route=%2Fwp%2Fv2%2Fcomments&post=11472"}],"version-history":[{"count":1,"href":"https:\/\/ladepeche.mr\/index.php?rest_route=\/wp\/v2\/posts\/11472\/revisions"}],"predecessor-version":[{"id":11474,"href":"https:\/\/ladepeche.mr\/index.php?rest_route=\/wp\/v2\/posts\/11472\/revisions\/11474"}],"wp:featuredmedia":[{"embeddable":true,"href":"https:\/\/ladepeche.mr\/index.php?rest_route=\/wp\/v2\/media\/11473"}],"wp:attachment":[{"href":"https:\/\/ladepeche.mr\/index.php?rest_route=%2Fwp%2Fv2%2Fmedia&parent=11472"}],"wp:term":[{"taxonomy":"category","embeddable":true,"href":"https:\/\/ladepeche.mr\/index.php?rest_route=%2Fwp%2Fv2%2Fcategories&post=11472"},{"taxonomy":"post_tag","embeddable":true,"href":"https:\/\/ladepeche.mr\/index.php?rest_route=%2Fwp%2Fv2%2Ftags&post=11472"}],"curies":[{"name":"wp","href":"https:\/\/api.w.org\/{rel}","templated":true}]}}