{"id":11479,"date":"2024-09-20T12:06:32","date_gmt":"2024-09-20T12:06:32","guid":{"rendered":"https:\/\/ladepeche.mr\/?p=11479"},"modified":"2024-09-20T12:06:58","modified_gmt":"2024-09-20T12:06:58","slug":"assainissement-des-finances-publiques-le-pm-dans-les-ecuries-daugias","status":"publish","type":"post","link":"https:\/\/ladepeche.mr\/?p=11479","title":{"rendered":"Assainissement\u00a0des finances publiques: Le PM dans les \u00e9curies d\u2019augias\u00a0!"},"content":{"rendered":"<p>Qui mieux que le nouveau premier Ministre pour connaitre l\u2019\u00e9tat de d\u00e9litement de notre administration publique ? Parviendra-t-il \u00e0 extirper le mal bien ancr\u00e9 et \u00e0 quel prix ? L\u2019essentiel n\u2019est certainement pas seulement de donner un coup de pied dans la ruche.<\/p>\n<p>Combien de richesses ont \u00e9t\u00e9 blanchies pour permettre \u00e0 des hommes, souvent des fonctionnaires, des hommes politiques et m\u00eame de hauts grad\u00e9s \u00e0 se forger des fortunes colossales au d\u00e9triment de la collectivit\u00e9 nationale\u00a0? Ce sport n\u2019est pas r\u00e9cent. Faut-il demander des comptes \u00e0 tous et remonter les abus de gestion au risque d\u2019\u00e9clabousser du beau monde\u00a0?<\/p>\n<p>Il est clair que malgr\u00e9 le soutien du pr\u00e9sident, le nouveau premier Ministre sait que son engagement ne sera pas une promenade de sant\u00e9. Il le sait certainement qu\u2019on lui fera pas de cadeau et que ses protagonistes iront jusqu\u2019\u00e0 d\u00e9poussi\u00e9rer son propre parcours politique tenter \u2013 notamment sa citation dans l\u2019enqu\u00eate de la CEP- pour de le dissuader d\u2019aller trop loin. Il y aura aussi les mises en garde, les remparts que tenteront de dresser des parrains de pr\u00e9varicateurs pour stopper net la volont\u00e9 de demander des comptes.<\/p>\n<p>Le PM est sorti aur\u00e9ol\u00e9 par le soutien des d\u00e9put\u00e9s \u00e0 sa d\u00e9claration de politique g\u00e9n\u00e9rale qu\u2019il a concoct\u00e9e sur la base du programme politique du pr\u00e9sident de la R\u00e9publique. Cela lui servira-t-il comme bouclier contre les hommes qui tirent les ficelles et qui tiennent \u00e9galement en joue les d\u00e9put\u00e9s de la R\u00e9publique.<\/p>\n<p>Jusqu\u2019ici, depuis l\u2019Etat \u00e9picerie d\u00e9nonc\u00e9 par feu Ely Ould Mohamed Vall, pr\u00e9sident du CMJD, \u00e0 la suite du coup d\u2019Etat contre Ould Taya, en passant par les promesses de feu Sidi Ould Cheikh Abdellahi, \u00e0 la lutte contre la gabegie de l\u2019ex-pr\u00e9sident Aziz, l\u2019assainissement des finances publiques et la restauration du cr\u00e9dit de l\u2019Etat se suivent et se ressemblent. Ces politiques n\u2019ont eu d\u2019effet qu\u2019\u00e0 enrichir une poign\u00e9e d\u2019hommes aux commandes de l\u2019Etat ou leurs personnes-\u00e9cran. La commande publique a \u00e9t\u00e9 sabord\u00e9e et les r\u00e9formes des march\u00e9s publics n\u2019a pas garanti la lic\u00e9it\u00e9 des attributions. \u00a0La lutte s\u2019est surtout av\u00e9r\u00e9e un slogan politique pour justifier les putschs et faire adh\u00e9rer les populations \u00e0 des projets mirages. Une politique qui proc\u00e8de d\u2019une morale kantienne. Une \u00e9thique, une morale et un id\u00e9al qui ont fait dire au philosophe fran\u00e7ais, Charles\u00a0P\u00e9guy, que Kant \u00aba les mains\u00a0pures mais il n\u2019a pas de\u00a0mains\u00bb.<\/p>\n<p>On ne peut d\u00e9nier, cependant, que la volont\u00e9 de combattre ces fl\u00e9aux semble bien r\u00e9elle et a \u00e9t\u00e9 diss\u00e9min\u00e9e \u00e0 tous les compartiments de l\u2019Etat. Le gouvernement gagnerait, dans ce cadre, \u00e0 prendre ses distances du folklore habituel afin de ne pas en galvauder l\u2019esprit. Il devrait surtout mettre dans des mains expertes et bien form\u00e9es l\u2019inspection et la fouille \u00e9conomique des d\u00e9penses publiques afin d\u2019\u00e9viter les injustes et les r\u00e8glements de compte politiques qui peuvent parfois \u00e9mailler l\u2019action de l\u2019inspection. Esp\u00e9rons seulement qu\u2019il n\u2019est pas trop tard tant le mal est profond. Le PM est dans tous les cas avis\u00e9 !<\/p>\n<p>J.D<\/p>\n<p>&nbsp;<\/p>\n","protected":false},"excerpt":{"rendered":"<p>Qui mieux que le nouveau premier Ministre pour connaitre l\u2019\u00e9tat de d\u00e9litement de notre administration publique ? Parviendra-t-il \u00e0 extirper le mal bien ancr\u00e9 et \u00e0 quel prix ? L\u2019essentiel n\u2019est certainement pas seulement de donner un coup de pied dans la ruche. Combien de richesses ont \u00e9t\u00e9 blanchies pour permettre \u00e0 des hommes, souvent &hellip;<\/p>\n","protected":false},"author":2,"featured_media":11480,"comment_status":"open","ping_status":"open","sticky":false,"template":"","format":"standard","meta":{"footnotes":""},"categories":[18,2,31],"tags":[],"class_list":["post-11479","post","type-post","status-publish","format-standard","has-post-thumbnail","hentry","category-actualites","category-economie","category-politique-et-reportages"],"_links":{"self":[{"href":"https:\/\/ladepeche.mr\/index.php?rest_route=\/wp\/v2\/posts\/11479","targetHints":{"allow":["GET"]}}],"collection":[{"href":"https:\/\/ladepeche.mr\/index.php?rest_route=\/wp\/v2\/posts"}],"about":[{"href":"https:\/\/ladepeche.mr\/index.php?rest_route=\/wp\/v2\/types\/post"}],"author":[{"embeddable":true,"href":"https:\/\/ladepeche.mr\/index.php?rest_route=\/wp\/v2\/users\/2"}],"replies":[{"embeddable":true,"href":"https:\/\/ladepeche.mr\/index.php?rest_route=%2Fwp%2Fv2%2Fcomments&post=11479"}],"version-history":[{"count":2,"href":"https:\/\/ladepeche.mr\/index.php?rest_route=\/wp\/v2\/posts\/11479\/revisions"}],"predecessor-version":[{"id":11482,"href":"https:\/\/ladepeche.mr\/index.php?rest_route=\/wp\/v2\/posts\/11479\/revisions\/11482"}],"wp:featuredmedia":[{"embeddable":true,"href":"https:\/\/ladepeche.mr\/index.php?rest_route=\/wp\/v2\/media\/11480"}],"wp:attachment":[{"href":"https:\/\/ladepeche.mr\/index.php?rest_route=%2Fwp%2Fv2%2Fmedia&parent=11479"}],"wp:term":[{"taxonomy":"category","embeddable":true,"href":"https:\/\/ladepeche.mr\/index.php?rest_route=%2Fwp%2Fv2%2Fcategories&post=11479"},{"taxonomy":"post_tag","embeddable":true,"href":"https:\/\/ladepeche.mr\/index.php?rest_route=%2Fwp%2Fv2%2Ftags&post=11479"}],"curies":[{"name":"wp","href":"https:\/\/api.w.org\/{rel}","templated":true}]}}