{"id":11483,"date":"2024-09-21T10:48:34","date_gmt":"2024-09-21T10:48:34","guid":{"rendered":"https:\/\/ladepeche.mr\/?p=11483"},"modified":"2024-09-21T10:48:34","modified_gmt":"2024-09-21T10:48:34","slug":"liban-la-frappe-israelienne-a-vise-une-reunion-de-la-force-delite-du-hezbollah-tuant-16-membres","status":"publish","type":"post","link":"https:\/\/ladepeche.mr\/?p=11483","title":{"rendered":"Liban: la frappe isra\u00e9lienne a vis\u00e9 une r\u00e9union de la force d\u2019\u00e9lite du Hezbollah tuant 16 membres"},"content":{"rendered":"<p><strong>La frappe isra\u00e9lienne sur la banlieue sud de Beyrouth a vis\u00e9 une r\u00e9union en sous-sol du commandement de la force d\u2019\u00e9lite du Hezbollah, l\u2019unit\u00e9 al-Radwan, tuant 16 de ses membres, a indiqu\u00e9 \u00e0 l\u2019AFP une source proche de la formation pro-iranienne samedi.<\/strong><\/p>\n<p>\u00ab\u00a0Le commandement de la force al-Radwan \u00e9tait r\u00e9uni au sous-sol\u00a0\u00bb d\u2019un immeuble vis\u00e9 par la frappe isra\u00e9lienne vendredi, a pr\u00e9cis\u00e9 cette source.<\/p>\n<p>Seize membres de la force, dont son chef Ibrahim Aqil et un haut commandant, ont \u00e9t\u00e9 tu\u00e9s, selon elle. Le parti a annonc\u00e9 dans un communiqu\u00e9 avoir perdu 16 de ses membres.<\/p>\n<div class=\"code-block code-block-11\">\n<div id=\"sas_87334\"><\/div>\n<p>&nbsp;<\/p>\n<\/div>\n<p>L\u2019arm\u00e9e isra\u00e9lienne avait annonc\u00e9 vendredi avoir men\u00e9 une frappe \u00ab\u00a0cibl\u00e9e\u00a0\u00bb et \u00ab\u00a0\u00e9limin\u00e9\u00a0\u00bb Ibrahim Aqil ainsi qu\u2019une \u00ab\u00a0dizaine de commandants\u00a0\u00bb du Hezbollah, \u00ab\u00a0responsables des tirs de roquettes quotidiens\u00a0\u00bb sur Isra\u00ebl.<\/p>\n<p>Outre Ibrahim Aqil, chef de l\u2019unit\u00e9 d\u2019\u00e9lite al-Radwan et num\u00e9ro deux militaire de la puissante formation, un deuxi\u00e8me haut commandant a \u00e9t\u00e9 tu\u00e9 dans la frappe, Ahmed Mahmoud Wahbi.<\/p>\n<p>Selon un communiqu\u00e9 du Hezbollah, il avait \u00ab\u00a0dirig\u00e9 jusqu\u2019au d\u00e9but de cette ann\u00e9e les op\u00e9rations militaires de l\u2019unit\u00e9 al-Radwan en soutien\u00a0\u00bb au Hamas palestinien, en guerre contre Isra\u00ebl dans la bande de Gaza depuis le 7 octobre 2023.<\/p>\n<p>Il a ensuite \u00ab\u00a0pris la t\u00eate de l\u2019unit\u00e9 centrale de formation\u00a0\u00bb, selon la formation islamiste.<\/p>\n<p>Le Hezbollah a affirm\u00e9 qu\u2019il avait \u00ab\u00a0planifi\u00e9 et supervis\u00e9 la direction des op\u00e9rations militaires de la force al-Radwan\u00a0\u00bb, depuis le d\u00e9but de l\u2019escalade il y a environ un an.<\/p>\n<p>Ce raid constitue un nouveau coup dur pour le Hezbollah apr\u00e8s une s\u00e9rie d\u2019explosions meurtri\u00e8res, imput\u00e9es \u00e0 Isra\u00ebl, ayant vis\u00e9 cette semaine ses syst\u00e8mes de transmission. \u00ab\u00a0Tr\u00e8s inqui\u00e8te\u00a0\u00bb, l\u2019ONU a appel\u00e9 vendredi \u00e0 la \u00ab\u00a0d\u00e9sescalade\u00a0\u00bb et \u00e0 la \u00ab\u00a0retenue maximale\u00a0\u00bb.<\/p>\n<blockquote class=\"wp-embedded-content\" data-secret=\"B1ZG3Vcnvf\"><p><a href=\"https:\/\/www.h24info.ma\/\">Accueil<\/a><\/p><\/blockquote>\n<p><iframe loading=\"lazy\" class=\"wp-embedded-content\" sandbox=\"allow-scripts\" security=\"restricted\" style=\"position: absolute; visibility: hidden;\" title=\"\u00ab\u00a0Accueil\u00a0\u00bb &#8212; H24info\" src=\"https:\/\/www.h24info.ma\/embed\/#?secret=bFq3tHtPrC#?secret=B1ZG3Vcnvf\" data-secret=\"B1ZG3Vcnvf\" width=\"500\" height=\"282\" frameborder=\"0\" marginwidth=\"0\" marginheight=\"0\" scrolling=\"no\"><\/iframe><\/p>\n","protected":false},"excerpt":{"rendered":"<p>La frappe isra\u00e9lienne sur la banlieue sud de Beyrouth a vis\u00e9 une r\u00e9union en sous-sol du commandement de la force d\u2019\u00e9lite du Hezbollah, l\u2019unit\u00e9 al-Radwan, tuant 16 de ses membres, a indiqu\u00e9 \u00e0 l\u2019AFP une source proche de la formation pro-iranienne samedi. \u00ab\u00a0Le commandement de la force al-Radwan \u00e9tait r\u00e9uni au sous-sol\u00a0\u00bb d\u2019un immeuble vis\u00e9 &hellip;<\/p>\n","protected":false},"author":2,"featured_media":11484,"comment_status":"open","ping_status":"open","sticky":false,"template":"","format":"standard","meta":{"footnotes":""},"categories":[18,29],"tags":[],"class_list":["post-11483","post","type-post","status-publish","format-standard","has-post-thumbnail","hentry","category-actualites","category-monde"],"_links":{"self":[{"href":"https:\/\/ladepeche.mr\/index.php?rest_route=\/wp\/v2\/posts\/11483","targetHints":{"allow":["GET"]}}],"collection":[{"href":"https:\/\/ladepeche.mr\/index.php?rest_route=\/wp\/v2\/posts"}],"about":[{"href":"https:\/\/ladepeche.mr\/index.php?rest_route=\/wp\/v2\/types\/post"}],"author":[{"embeddable":true,"href":"https:\/\/ladepeche.mr\/index.php?rest_route=\/wp\/v2\/users\/2"}],"replies":[{"embeddable":true,"href":"https:\/\/ladepeche.mr\/index.php?rest_route=%2Fwp%2Fv2%2Fcomments&post=11483"}],"version-history":[{"count":1,"href":"https:\/\/ladepeche.mr\/index.php?rest_route=\/wp\/v2\/posts\/11483\/revisions"}],"predecessor-version":[{"id":11485,"href":"https:\/\/ladepeche.mr\/index.php?rest_route=\/wp\/v2\/posts\/11483\/revisions\/11485"}],"wp:featuredmedia":[{"embeddable":true,"href":"https:\/\/ladepeche.mr\/index.php?rest_route=\/wp\/v2\/media\/11484"}],"wp:attachment":[{"href":"https:\/\/ladepeche.mr\/index.php?rest_route=%2Fwp%2Fv2%2Fmedia&parent=11483"}],"wp:term":[{"taxonomy":"category","embeddable":true,"href":"https:\/\/ladepeche.mr\/index.php?rest_route=%2Fwp%2Fv2%2Fcategories&post=11483"},{"taxonomy":"post_tag","embeddable":true,"href":"https:\/\/ladepeche.mr\/index.php?rest_route=%2Fwp%2Fv2%2Ftags&post=11483"}],"curies":[{"name":"wp","href":"https:\/\/api.w.org\/{rel}","templated":true}]}}