{"id":11486,"date":"2024-09-21T18:37:02","date_gmt":"2024-09-21T18:37:02","guid":{"rendered":"https:\/\/ladepeche.mr\/?p=11486"},"modified":"2024-09-21T18:37:02","modified_gmt":"2024-09-21T18:37:02","slug":"economie-ould-bouh-et-diouf-font-le-point-de-lexecution-des-projets","status":"publish","type":"post","link":"https:\/\/ladepeche.mr\/?p=11486","title":{"rendered":"Economie: Ould Bouh et Diouf font le point de l\u2019ex\u00e9cution des projets"},"content":{"rendered":"<div class=\"Vd2cB\">\n<div class=\"VhLpLd\">\n<div class=\"dHn2d\">\n<div class=\"IoGNdb Zc0jMc dlaWib\" dir=\"ltr\">\n<p>Le ministre de l\u2019\u00e9conomie et des finances, Sid\u2019Ahmed Ould Bouh, et le repr\u00e9sentant r\u00e9sident de la Banque mondiale en Mauritanie, ont fait le point de l\u2019ex\u00e9cution des projets et programmes financ\u00e9s par la Banque dans notre pays.<\/p>\n<p>L\u2019\u00e9vacuation de l\u2019ex\u00e9cution des projets qui co\u00fbtent 1 milliard de dollars, selon communiqu\u00e9 datant de juillet 2024, avait \u00e9galement mis en \u00e9vidence leur performance passant du dernier au premier rang dans la sous-r\u00e9gion suivant un classement \u00e9tabli par la Banque elle-m\u00eame.<\/p>\n<p>L&#8217;entretien s&#8217;est d\u00e9roul\u00e9, rappelle-t-on, jeudi dernier, en pr\u00e9sence du directeur g\u00e9n\u00e9ral des Financements et de la coop\u00e9ration \u00e9conomique, M. Mohamed Salem Ould Nani.<\/p>\n<div><\/div>\n<\/div>\n<\/div>\n<\/div>\n<\/div>\n<div><\/div>\n<div class=\"Vd2cB\">\n<div class=\"VhLpLd\">\n<div class=\"dHn2d\"><\/div>\n<\/div>\n<\/div>\n","protected":false},"excerpt":{"rendered":"<p>Le ministre de l\u2019\u00e9conomie et des finances, Sid\u2019Ahmed Ould Bouh, et le repr\u00e9sentant r\u00e9sident de la Banque mondiale en Mauritanie, ont fait le point de l\u2019ex\u00e9cution des projets et programmes financ\u00e9s par la Banque dans notre pays. L\u2019\u00e9vacuation de l\u2019ex\u00e9cution des projets qui co\u00fbtent 1 milliard de dollars, selon communiqu\u00e9 datant de juillet 2024, avait &hellip;<\/p>\n","protected":false},"author":2,"featured_media":11488,"comment_status":"open","ping_status":"open","sticky":false,"template":"","format":"standard","meta":{"footnotes":""},"categories":[18,2],"tags":[],"class_list":["post-11486","post","type-post","status-publish","format-standard","has-post-thumbnail","hentry","category-actualites","category-economie"],"_links":{"self":[{"href":"https:\/\/ladepeche.mr\/index.php?rest_route=\/wp\/v2\/posts\/11486","targetHints":{"allow":["GET"]}}],"collection":[{"href":"https:\/\/ladepeche.mr\/index.php?rest_route=\/wp\/v2\/posts"}],"about":[{"href":"https:\/\/ladepeche.mr\/index.php?rest_route=\/wp\/v2\/types\/post"}],"author":[{"embeddable":true,"href":"https:\/\/ladepeche.mr\/index.php?rest_route=\/wp\/v2\/users\/2"}],"replies":[{"embeddable":true,"href":"https:\/\/ladepeche.mr\/index.php?rest_route=%2Fwp%2Fv2%2Fcomments&post=11486"}],"version-history":[{"count":1,"href":"https:\/\/ladepeche.mr\/index.php?rest_route=\/wp\/v2\/posts\/11486\/revisions"}],"predecessor-version":[{"id":11487,"href":"https:\/\/ladepeche.mr\/index.php?rest_route=\/wp\/v2\/posts\/11486\/revisions\/11487"}],"wp:featuredmedia":[{"embeddable":true,"href":"https:\/\/ladepeche.mr\/index.php?rest_route=\/wp\/v2\/media\/11488"}],"wp:attachment":[{"href":"https:\/\/ladepeche.mr\/index.php?rest_route=%2Fwp%2Fv2%2Fmedia&parent=11486"}],"wp:term":[{"taxonomy":"category","embeddable":true,"href":"https:\/\/ladepeche.mr\/index.php?rest_route=%2Fwp%2Fv2%2Fcategories&post=11486"},{"taxonomy":"post_tag","embeddable":true,"href":"https:\/\/ladepeche.mr\/index.php?rest_route=%2Fwp%2Fv2%2Ftags&post=11486"}],"curies":[{"name":"wp","href":"https:\/\/api.w.org\/{rel}","templated":true}]}}