{"id":11492,"date":"2024-09-23T18:03:42","date_gmt":"2024-09-23T18:03:42","guid":{"rendered":"https:\/\/ladepeche.mr\/?p=11492"},"modified":"2024-09-23T18:05:01","modified_gmt":"2024-09-23T18:05:01","slug":"frappes-israeliennes-sur-le-liban-274-morts-des-milliers-de-familles-deplacees","status":"publish","type":"post","link":"https:\/\/ladepeche.mr\/?p=11492","title":{"rendered":"Frappes isra\u00e9liennes sur le Liban: 274 morts, des milliers de familles d\u00e9plac\u00e9es"},"content":{"rendered":"<p><strong>Le ministre libanais de la Sant\u00e9, Firass Abiad a annonc\u00e9 que les bombardements isra\u00e9liens au Liban avaient fait lundi 274 morts, dont 21 enfants, le plus lourd bilan en pr\u00e8s d\u2019un an de violences entre Isra\u00ebl et le Hezbollah libanais, et d\u00e9plac\u00e9 des milliers de familles.<\/strong><\/p>\n<p>Lors d\u2019une conf\u00e9rence de presse, le ministre a pr\u00e9cis\u00e9 que le bilan \u00e9tait de \u00ab\u00a0<em>274 morts, dont 21 enfants et 29 femmes (..) \u00e0 ce stade<\/em>\u00ab\u00a0, ajoutant \u00ab\u00a0<em>que des milliers de familles originaires des zones cibl\u00e9es ont \u00e9t\u00e9 d\u00e9plac\u00e9es<\/em>\u00ab\u00a0.<\/p>\n<p>Parmi les morts figurent \u00e9galement deux secouristes, alors que 16 personnels de sant\u00e9 ont \u00e9t\u00e9 bless\u00e9s, a-t-il ajout\u00e9, pr\u00e9cisant que \u00ab\u00a0<em>deux ambulances, un camion de pompiers et un centre de soin ont \u00e9t\u00e9 pris pour cible<\/em>\u00ab\u00a0.<\/p>\n<p>Les raids de lundi ont fait plus de 1.000 bless\u00e9s, pris en charge dans 27 h\u00f4pitaux, a \u00e9galement d\u00e9clar\u00e9 le ministre. Pr\u00e8s\u00a0de 5.000 personnes ont \u00e9t\u00e9 bless\u00e9es \u00ab\u00a0<em>en moins d\u2019une semaine<\/em>\u00a0\u00bb dans des attaques isra\u00e9liennes, a-t-il d\u00e9clar\u00e9, ce chiffre incluant les victimes des explosions d\u2019appareils de transmission du Hezbollah pro-iranien \u2013 attribu\u00e9s \u00e0 Isra\u00ebl \u2013 et d\u2019une frappe isra\u00e9lienne vendredi sur la banlieue du sud de Beyrouth. Ce chiffre repr\u00e9sente environ la moiti\u00e9 du nombre de bless\u00e9s de la guerre de 2006 entre Isra\u00ebl et le Hezbollah, qui avait fait entre \u00ab\u00a0<em>10.000 et 11.000 bless\u00e9s<\/em>\u00ab . https:\/\/www.h24info.ma\/frappes-israeliennes-sur-le-liban-274-morts-des-milliers-de-familles-deplacees\/?utm_source=wonderpush&amp;utm_medium=notificationpush<\/p>\n","protected":false},"excerpt":{"rendered":"<p>Le ministre libanais de la Sant\u00e9, Firass Abiad a annonc\u00e9 que les bombardements isra\u00e9liens au Liban avaient fait lundi 274 morts, dont 21 enfants, le plus lourd bilan en pr\u00e8s d\u2019un an de violences entre Isra\u00ebl et le Hezbollah libanais, et d\u00e9plac\u00e9 des milliers de familles. Lors d\u2019une conf\u00e9rence de presse, le ministre a pr\u00e9cis\u00e9 &hellip;<\/p>\n","protected":false},"author":2,"featured_media":11494,"comment_status":"open","ping_status":"open","sticky":false,"template":"","format":"standard","meta":{"footnotes":""},"categories":[18,29],"tags":[],"class_list":["post-11492","post","type-post","status-publish","format-standard","has-post-thumbnail","hentry","category-actualites","category-monde"],"_links":{"self":[{"href":"https:\/\/ladepeche.mr\/index.php?rest_route=\/wp\/v2\/posts\/11492","targetHints":{"allow":["GET"]}}],"collection":[{"href":"https:\/\/ladepeche.mr\/index.php?rest_route=\/wp\/v2\/posts"}],"about":[{"href":"https:\/\/ladepeche.mr\/index.php?rest_route=\/wp\/v2\/types\/post"}],"author":[{"embeddable":true,"href":"https:\/\/ladepeche.mr\/index.php?rest_route=\/wp\/v2\/users\/2"}],"replies":[{"embeddable":true,"href":"https:\/\/ladepeche.mr\/index.php?rest_route=%2Fwp%2Fv2%2Fcomments&post=11492"}],"version-history":[{"count":1,"href":"https:\/\/ladepeche.mr\/index.php?rest_route=\/wp\/v2\/posts\/11492\/revisions"}],"predecessor-version":[{"id":11493,"href":"https:\/\/ladepeche.mr\/index.php?rest_route=\/wp\/v2\/posts\/11492\/revisions\/11493"}],"wp:featuredmedia":[{"embeddable":true,"href":"https:\/\/ladepeche.mr\/index.php?rest_route=\/wp\/v2\/media\/11494"}],"wp:attachment":[{"href":"https:\/\/ladepeche.mr\/index.php?rest_route=%2Fwp%2Fv2%2Fmedia&parent=11492"}],"wp:term":[{"taxonomy":"category","embeddable":true,"href":"https:\/\/ladepeche.mr\/index.php?rest_route=%2Fwp%2Fv2%2Fcategories&post=11492"},{"taxonomy":"post_tag","embeddable":true,"href":"https:\/\/ladepeche.mr\/index.php?rest_route=%2Fwp%2Fv2%2Ftags&post=11492"}],"curies":[{"name":"wp","href":"https:\/\/api.w.org\/{rel}","templated":true}]}}