{"id":11495,"date":"2024-09-23T19:38:51","date_gmt":"2024-09-23T19:38:51","guid":{"rendered":"https:\/\/ladepeche.mr\/?p=11495"},"modified":"2024-09-23T19:38:51","modified_gmt":"2024-09-23T19:38:51","slug":"le-president-de-la-republique-president-de-lunion-africaine-recoit-le-secretaire-general-des-nations-unies","status":"publish","type":"post","link":"https:\/\/ladepeche.mr\/?p=11495","title":{"rendered":"Le Pr\u00e9sident de la R\u00e9publique, pr\u00e9sident de l\u2019Union Africaine re\u00e7oit le Secr\u00e9taire G\u00e9n\u00e9ral des Nations Unies"},"content":{"rendered":"<p>Le Pr\u00e9sident de la R\u00e9publique, pr\u00e9sident de l\u2019Union Africaine, Son Excellence Monsieur Mohamed Ould Cheikh El Ghazouani, a rencontr\u00e9, dimanche \u00e0 New York, le secr\u00e9taire g\u00e9n\u00e9ral des Nations Unies, M. Antonio Guterres.<\/p>\n<p>La rencontre a port\u00e9 sur certaines questions africaines et les d\u00e9veloppements internationaux.<\/p>\n<p>A la fin de la rencontre , le Pr\u00e9sident de la R\u00e9publique a enregistr\u00e9 ses impressions dans le registre r\u00e9serv\u00e9 aux hautes personnalit\u00e9s visitant l\u2019ONU.<\/p>\n<p>La rencontre s\u2019est d\u00e9roul\u00e9e en pr\u00e9sence du ministre charg\u00e9 du cabinet du Pr\u00e9sident de la R\u00e9publique, M. Nany Ould Chrougha, du ministre des Affaires \u00e9trang\u00e8res, de la coop\u00e9ration africaine et des Mauritaniens de l\u2019ext\u00e9rieur, M. Mohamed Salem Ould Merzoug, du ministre de l\u2019\u00e9conomie et des finances, M. Sid\u2019Ahmed Ould Bouh et du d\u00e9l\u00e9gu\u00e9 permanent de la Mauritanie, M. Sidi Ould Mohamed Laghdaf .<\/p>\n<p>Le Pr\u00e9sident de la R\u00e9publique, Son Excellence Monsieur Mohamed Ould Cheikh El Ghazouani se trouve depuis samedi soir \u00e0 New York, \u00e0 la t\u00eate d\u2019une importante d\u00e9l\u00e9gation pour participer aux r\u00e9unions de la 79eme session de l\u2019Assembl\u00e9e g\u00e9n\u00e9rale de l\u2019ONU.<\/p>\n<p>Ami<\/p>\n","protected":false},"excerpt":{"rendered":"<p>Le Pr\u00e9sident de la R\u00e9publique, pr\u00e9sident de l\u2019Union Africaine, Son Excellence Monsieur Mohamed Ould Cheikh El Ghazouani, a rencontr\u00e9, dimanche \u00e0 New York, le secr\u00e9taire g\u00e9n\u00e9ral des Nations Unies, M. Antonio Guterres. La rencontre a port\u00e9 sur certaines questions africaines et les d\u00e9veloppements internationaux. A la fin de la rencontre , le Pr\u00e9sident de la &hellip;<\/p>\n","protected":false},"author":2,"featured_media":11496,"comment_status":"open","ping_status":"open","sticky":false,"template":"","format":"standard","meta":{"footnotes":""},"categories":[18,29],"tags":[],"class_list":["post-11495","post","type-post","status-publish","format-standard","has-post-thumbnail","hentry","category-actualites","category-monde"],"_links":{"self":[{"href":"https:\/\/ladepeche.mr\/index.php?rest_route=\/wp\/v2\/posts\/11495","targetHints":{"allow":["GET"]}}],"collection":[{"href":"https:\/\/ladepeche.mr\/index.php?rest_route=\/wp\/v2\/posts"}],"about":[{"href":"https:\/\/ladepeche.mr\/index.php?rest_route=\/wp\/v2\/types\/post"}],"author":[{"embeddable":true,"href":"https:\/\/ladepeche.mr\/index.php?rest_route=\/wp\/v2\/users\/2"}],"replies":[{"embeddable":true,"href":"https:\/\/ladepeche.mr\/index.php?rest_route=%2Fwp%2Fv2%2Fcomments&post=11495"}],"version-history":[{"count":1,"href":"https:\/\/ladepeche.mr\/index.php?rest_route=\/wp\/v2\/posts\/11495\/revisions"}],"predecessor-version":[{"id":11497,"href":"https:\/\/ladepeche.mr\/index.php?rest_route=\/wp\/v2\/posts\/11495\/revisions\/11497"}],"wp:featuredmedia":[{"embeddable":true,"href":"https:\/\/ladepeche.mr\/index.php?rest_route=\/wp\/v2\/media\/11496"}],"wp:attachment":[{"href":"https:\/\/ladepeche.mr\/index.php?rest_route=%2Fwp%2Fv2%2Fmedia&parent=11495"}],"wp:term":[{"taxonomy":"category","embeddable":true,"href":"https:\/\/ladepeche.mr\/index.php?rest_route=%2Fwp%2Fv2%2Fcategories&post=11495"},{"taxonomy":"post_tag","embeddable":true,"href":"https:\/\/ladepeche.mr\/index.php?rest_route=%2Fwp%2Fv2%2Ftags&post=11495"}],"curies":[{"name":"wp","href":"https:\/\/api.w.org\/{rel}","templated":true}]}}