{"id":11500,"date":"2024-09-23T21:09:51","date_gmt":"2024-09-23T21:09:51","guid":{"rendered":"https:\/\/ladepeche.mr\/?p=11500"},"modified":"2024-09-24T18:17:06","modified_gmt":"2024-09-24T18:17:06","slug":"liban-300-raids-israeliens-contre-des-sites-civils","status":"publish","type":"post","link":"https:\/\/ladepeche.mr\/?p=11500","title":{"rendered":"Liban\u00a0: 300 raids isra\u00e9liens contre des sites civils"},"content":{"rendered":"<p>252 personnes tu\u00e9es et 800 autres bless\u00e9es, le bilan des raids a\u00e9riens isra\u00e9liens contre des sites essentiellement civils au sud Liban confirme l\u2019immoralit\u00e9 du gouvernement isra\u00e9lien et ses violations r\u00e9p\u00e9t\u00e9es du droit international de la guerre.<\/p>\n<p>Il faut \u00eatre d\u00e9sesp\u00e9r\u00e9ment na\u00eff pour croire, un instant, que les dirigeants isra\u00e9liens accordent la moindre importance aux vies humaines massacr\u00e9es au Liban, comme celles qu\u2019ils exterminent, \u00e0 c\u0153ur joie, depuis une ann\u00e9e en Palestine. Il faut aussi l\u2019\u00eatre pour penser que les USA \u2013m\u00eame s\u2019ils disent n\u2019y avoir pas pris part- n\u2019\u00e9taient pas inform\u00e9s des attentats perp\u00e9tr\u00e9s par l\u2019Etat h\u00e9breu, en faisant, comme d\u2019habitude fi du droit international, implosant des bipeurs et des talkies-walkies dans un environnement civil. Il est \u00e9vident que ni Netanyahu, premier Ministre du Likoud, ni Y Galant, son ministre de la d\u00e9fense, tous deux index\u00e9s par la CPI pour crimes de guerre et contre l\u2019humanit\u00e9, ne se perdent en conjectures pour justifier d\u2019\u00e9crabouiller les civils dont plus de quarante milles ont \u00e9t\u00e9 massacr\u00e9s \u00e0 Gaza. Plus de la moiti\u00e9 de leurs victimes sont des enfants et des femmes. Non seulement, les sionistes b\u00e9n\u00e9ficient toujours de l\u2019impunit\u00e9 mais avec leurs complices occidentaux cherchent \u00e0 se pr\u00e9senter comme les victimes. Le mensonge et la manipulation sont dans leurs g\u00eanes. N\u00e9s dans la violence, les sionistes ne vivent que pour leur \u00absupr\u00e9matisme\u00bb.<\/p>\n<p>Le Sud Liban ne d\u00e9roge donc pas \u00e0 cette haine profonde des n\u00e9onazis isra\u00e9liens \u00e0 vouloir \u00e9radiquer tous les arabes et les musulmans de leur terre. Seul hic pour les assassins isra\u00e9liens, le Hamas qu\u2019on nous a appris \u00e0 \u00abd\u00e9tester\u00bb au pr\u00e9texte de \u00ab\u00a0l\u2019arbitraire\u00a0\u00bb et de la \u00ab\u00a0dictature\u00a0\u00bb se laisse pas faire et r\u00e9torque par mille et une salves qui tombent au c\u0153ur de Haifa, le poumon de l\u2019Etat h\u00e9breu maintenu sous perfusion financi\u00e8re am\u00e9ricaine et europ\u00e9enne, apr\u00e8s une guerre longue couteuse et les sionistes ont montr\u00e9 leur visage abjecte dans l\u2019irrespect de la vie humaine.<\/p>\n<p>Quoiqu\u2019on dise, la raison est d\u2019abord confessionnelle pour ces orthodoxes d\u2019un autre \u00e2ge. L\u2019occupation de la \u00ab\u00a0terre promise\u00a0\u00bb et le statut de \u00ab\u00a0peuple \u00e9lu\u00a0\u00bb donnent de l\u2019eau au moulin des extr\u00e9mistes isra\u00e9liens coupables de l\u2019assassinat de Y Rabbin qui a le courage de vouloir la paix avec les palestiniens sur la base de l\u2019existence de deux Etats. Ses meurtriers et leurs sympathisants \u2013ce n\u2019est donc pas une surprise- dont au premier chef B. Netanyahu en ont profit\u00e9 pour faire sauter le projet en le dynamitant totalement. Oslo n\u2019a donc pas eu meilleure fin. Elle a \u00e9t\u00e9 enterr\u00e9e. Au moins pour le gouvernement isra\u00e9lien actuel pour qui seule la force des armes est prise en compte dans un conflit de 75 ans o\u00f9 le fait accompli pourtant ne sera jamais la r\u00e8gle. Netanyahu et son gouvernement extr\u00e9miste auront beau massacr\u00e9 des enfants, tu\u00e9 les palestiniens\u00a0; la r\u00e9sistance \u00e0 leur projet de juda\u00efsation de la Palestine ne se r\u00e9alisera jamais.<\/p>\n<p>Le \u00ab\u00a0courage\u00a0\u00bb du Hamas, que les USA utilisent comme hame\u00e7on pour sauter sur leur proie iranienne, en cas d\u2019intervention, est de plus en plus clair. Le Hamas irrite donc l\u2019Administration Biden et ses satellites sionistes. La r\u00e9cente visite de Amos Hochtein, \u00e9missaire Us, avant l\u2019escalade isra\u00e9lienne en dit long sur la posture des USA. En effet, comme vient de le r\u00e9v\u00e9ler, Wallid Jomlat, dans des d\u00e9clarations \u00e0 la presse libanaise la visite de l\u2019\u00e9missaire am\u00e9ricain \u00e9tait exclusivement dans la d\u00e9fense des int\u00e9r\u00eats isra\u00e9liens. Comment pouvait-il en \u00eatre autrement\u00a0des tentatives \u00abdiplomatiques\u00a0\u00bb des USA pour stopper l\u2019escalade alors qu\u2019ils ne sont pas parvenus \u00e0 convaincre leur rejeton de respecter ni le droit international, ni le droit humanitaire, une ann\u00e9e durant, \u00e0 Gaza? \u00a0\u00abNous avons propos\u00e9 \u00e0 M. Hochstein d\u2019\u0153uvrer avec (le pr\u00e9sident de la Chambre) Nabih Berry et (le Premier ministre sortant) Nagib Mikati pour \u00e9laborer une solution. Mais il nous a r\u00e9pondu en affirmant que le Hezbollah devrait se retirer du Liban-Sud\u2026\u00a0\u00bb<\/p>\n<p>Le message \u00ab diplomatique \u00bb est on ne peut plus clair pour les opinions internationales. Le feu vert est donn\u00e9 aux nazis de notre temps pour l\u2019extermination des populations arabes. Et l&#8217;on s&#8217;\u00e9tonne apr\u00e8s que les populations arabes ou musulmanes d\u00e9testent et expriment leurs refus des politiques am\u00e9ricaines et occidentales dans la r\u00e9gion.<\/p>\n<p>JD<\/p>\n<p><iframe loading=\"lazy\" title=\"90% des bless\u00e9s sont des enfants: t\u00e9moignage d&#039;un m\u00e9decin au Liban-Sud\" width=\"500\" height=\"281\" src=\"https:\/\/www.youtube.com\/embed\/TLF2vemalO0?feature=oembed\" frameborder=\"0\" allow=\"accelerometer; autoplay; clipboard-write; encrypted-media; gyroscope; picture-in-picture; web-share\" referrerpolicy=\"strict-origin-when-cross-origin\" allowfullscreen><\/iframe><\/p>\n","protected":false},"excerpt":{"rendered":"<p>252 personnes tu\u00e9es et 800 autres bless\u00e9es, le bilan des raids a\u00e9riens isra\u00e9liens contre des sites essentiellement civils au sud Liban confirme l\u2019immoralit\u00e9 du gouvernement isra\u00e9lien et ses violations r\u00e9p\u00e9t\u00e9es du droit international de la guerre. Il faut \u00eatre d\u00e9sesp\u00e9r\u00e9ment na\u00eff pour croire, un instant, que les dirigeants isra\u00e9liens accordent la moindre importance aux vies &hellip;<\/p>\n","protected":false},"author":2,"featured_media":11501,"comment_status":"open","ping_status":"open","sticky":false,"template":"","format":"standard","meta":{"footnotes":""},"categories":[18,29],"tags":[],"class_list":["post-11500","post","type-post","status-publish","format-standard","has-post-thumbnail","hentry","category-actualites","category-monde"],"_links":{"self":[{"href":"https:\/\/ladepeche.mr\/index.php?rest_route=\/wp\/v2\/posts\/11500","targetHints":{"allow":["GET"]}}],"collection":[{"href":"https:\/\/ladepeche.mr\/index.php?rest_route=\/wp\/v2\/posts"}],"about":[{"href":"https:\/\/ladepeche.mr\/index.php?rest_route=\/wp\/v2\/types\/post"}],"author":[{"embeddable":true,"href":"https:\/\/ladepeche.mr\/index.php?rest_route=\/wp\/v2\/users\/2"}],"replies":[{"embeddable":true,"href":"https:\/\/ladepeche.mr\/index.php?rest_route=%2Fwp%2Fv2%2Fcomments&post=11500"}],"version-history":[{"count":3,"href":"https:\/\/ladepeche.mr\/index.php?rest_route=\/wp\/v2\/posts\/11500\/revisions"}],"predecessor-version":[{"id":11528,"href":"https:\/\/ladepeche.mr\/index.php?rest_route=\/wp\/v2\/posts\/11500\/revisions\/11528"}],"wp:featuredmedia":[{"embeddable":true,"href":"https:\/\/ladepeche.mr\/index.php?rest_route=\/wp\/v2\/media\/11501"}],"wp:attachment":[{"href":"https:\/\/ladepeche.mr\/index.php?rest_route=%2Fwp%2Fv2%2Fmedia&parent=11500"}],"wp:term":[{"taxonomy":"category","embeddable":true,"href":"https:\/\/ladepeche.mr\/index.php?rest_route=%2Fwp%2Fv2%2Fcategories&post=11500"},{"taxonomy":"post_tag","embeddable":true,"href":"https:\/\/ladepeche.mr\/index.php?rest_route=%2Fwp%2Fv2%2Ftags&post=11500"}],"curies":[{"name":"wp","href":"https:\/\/api.w.org\/{rel}","templated":true}]}}