{"id":11505,"date":"2024-09-24T09:50:40","date_gmt":"2024-09-24T09:50:40","guid":{"rendered":"https:\/\/ladepeche.mr\/?p=11505"},"modified":"2024-09-24T09:50:40","modified_gmt":"2024-09-24T09:50:40","slug":"attentats-a-bamako-le-conseil-de-securite-alerte-sur-la-dimension-transnationale-de-la-menace-terroriste","status":"publish","type":"post","link":"https:\/\/ladepeche.mr\/?p=11505","title":{"rendered":"Attentats \u00e0 Bamako : Le Conseil de s\u00e9curit\u00e9 alerte sur la \u00ab dimension transnationale \u00bb de la menace terroriste"},"content":{"rendered":"<p><strong>Le Conseil de s\u00e9curit\u00e9 de l\u2019ONU a fermement condamn\u00e9 les attaques \u201codieuses\u201d perp\u00e9tr\u00e9es r\u00e9cemment \u00e0 Bamako, capitale du Mali, tout en mettant en garde contre la \u00ab\u00a0dimension transnationale\u00a0\u00bb de la menace terroriste au Sahel et en Afrique de l\u2019Ouest<\/strong><\/p>\n<p>Dans une d\u00e9claration de presse publi\u00e9e r\u00e9cemment, l\u2019instance ex\u00e9cutive de l\u2019ONU a r\u00e9affirm\u00e9 que le terrorisme sous toutes ses formes et dans toutes ses manifestations constitue l\u2019une des menaces les plus graves \u00e0 la paix et \u00e0 la s\u00e9curit\u00e9 internationales.<\/p>\n<h2><strong>Traduire en justice auteurs, financeurs,\u00a0commanditaires\u2026 de ces crimes<\/strong><\/h2>\n<p>Le Conseil a, en outre, soulign\u00e9 la n\u00e9cessit\u00e9 de \u00ab\u00a0demander des comptes aux auteurs, organisateurs, financiers et commanditaires de ces actes de terrorisme r\u00e9pr\u00e9hensibles et de les traduire en justice.\u00a0\u00bb<\/p>\n<p>Ces attaques, qui ont vis\u00e9 notamment une \u00e9cole de gendarmerie \u00e0 Bamako, ont fait plus de 70 morts et 200 bless\u00e9s dont un membre de l\u2019unit\u00e9 de garde de l\u2019ONU, selon les m\u00e9dias qui citent une source militaire.<\/p>\n<p>De son c\u00f4t\u00e9, le Secr\u00e9taire g\u00e9n\u00e9ral de l\u2019ONU, Antonio Guterres avait condamn\u00e9 ces attaques revendiqu\u00e9es par un groupe affili\u00e9 \u00e0 Al Qa\u00efda, en appelant le gouvernement de transition malien \u00e0 veiller \u00e0 ce que les responsables de ces attentats \u201cignobles\u201d soient traduits en justice.<\/p>\n<div class=\"author_post_info\">Par\u00a0<strong><a href=\"https:\/\/afrimag.net\/author\/la-redaction\/\">La r\u00e9daction<\/a><\/strong>, Comit\u00e9 \u00c9ditorial &#8211;<\/div>\n<div class=\"author_post_info\">Casablanca https:\/\/afrimag.net\/attentats-a-bamako-le-conseil-de-securite-alerte-sur-la-dimension-transnationale-de-la-menace-terroriste\/?utm_source=mailpoet&amp;utm_medium=email&amp;utm_source_platform=mailpoet&amp;utm_campaign=newsletter<\/div>\n","protected":false},"excerpt":{"rendered":"<p>Le Conseil de s\u00e9curit\u00e9 de l\u2019ONU a fermement condamn\u00e9 les attaques \u201codieuses\u201d perp\u00e9tr\u00e9es r\u00e9cemment \u00e0 Bamako, capitale du Mali, tout en mettant en garde contre la \u00ab\u00a0dimension transnationale\u00a0\u00bb de la menace terroriste au Sahel et en Afrique de l\u2019Ouest Dans une d\u00e9claration de presse publi\u00e9e r\u00e9cemment, l\u2019instance ex\u00e9cutive de l\u2019ONU a r\u00e9affirm\u00e9 que le terrorisme &hellip;<\/p>\n","protected":false},"author":2,"featured_media":11506,"comment_status":"open","ping_status":"open","sticky":false,"template":"","format":"standard","meta":{"footnotes":""},"categories":[18,29],"tags":[],"class_list":["post-11505","post","type-post","status-publish","format-standard","has-post-thumbnail","hentry","category-actualites","category-monde"],"_links":{"self":[{"href":"https:\/\/ladepeche.mr\/index.php?rest_route=\/wp\/v2\/posts\/11505","targetHints":{"allow":["GET"]}}],"collection":[{"href":"https:\/\/ladepeche.mr\/index.php?rest_route=\/wp\/v2\/posts"}],"about":[{"href":"https:\/\/ladepeche.mr\/index.php?rest_route=\/wp\/v2\/types\/post"}],"author":[{"embeddable":true,"href":"https:\/\/ladepeche.mr\/index.php?rest_route=\/wp\/v2\/users\/2"}],"replies":[{"embeddable":true,"href":"https:\/\/ladepeche.mr\/index.php?rest_route=%2Fwp%2Fv2%2Fcomments&post=11505"}],"version-history":[{"count":1,"href":"https:\/\/ladepeche.mr\/index.php?rest_route=\/wp\/v2\/posts\/11505\/revisions"}],"predecessor-version":[{"id":11507,"href":"https:\/\/ladepeche.mr\/index.php?rest_route=\/wp\/v2\/posts\/11505\/revisions\/11507"}],"wp:featuredmedia":[{"embeddable":true,"href":"https:\/\/ladepeche.mr\/index.php?rest_route=\/wp\/v2\/media\/11506"}],"wp:attachment":[{"href":"https:\/\/ladepeche.mr\/index.php?rest_route=%2Fwp%2Fv2%2Fmedia&parent=11505"}],"wp:term":[{"taxonomy":"category","embeddable":true,"href":"https:\/\/ladepeche.mr\/index.php?rest_route=%2Fwp%2Fv2%2Fcategories&post=11505"},{"taxonomy":"post_tag","embeddable":true,"href":"https:\/\/ladepeche.mr\/index.php?rest_route=%2Fwp%2Fv2%2Ftags&post=11505"}],"curies":[{"name":"wp","href":"https:\/\/api.w.org\/{rel}","templated":true}]}}