{"id":11508,"date":"2024-09-24T10:45:03","date_gmt":"2024-09-24T10:45:03","guid":{"rendered":"https:\/\/ladepeche.mr\/?p=11508"},"modified":"2024-09-24T11:11:13","modified_gmt":"2024-09-24T11:11:13","slug":"les-reseaux-sociaux-accuses-de-surveillance-de-masse","status":"publish","type":"post","link":"https:\/\/ladepeche.mr\/?p=11508","title":{"rendered":"Les r\u00e9seaux sociaux accus\u00e9s de \u00ab surveillance de masse \u00bb"},"content":{"rendered":"<p>(San\u00a0Francisco) Une \u00e9tude men\u00e9e sur plusieurs ann\u00e9es montre que les g\u00e9ants des r\u00e9seaux sociaux et de l\u2019internet pratiquent \u00ab\u00a0une surveillance de masse\u00a0\u00bb pour capitaliser sur les donn\u00e9es personnelles des internautes, selon l\u2019Autorit\u00e9 am\u00e9ricaine de la concurrence (FTC).<\/p>\n<p class=\"paragraph textModule textModule--type-paragraph \">Un rapport publi\u00e9 mercredi soir et fait \u00e0 partir de requ\u00eates lanc\u00e9es il y a quatre ans \u00e0 neuf soci\u00e9t\u00e9s a \u00e9tabli qu\u2019elles collectaient des quantit\u00e9s importantes de donn\u00e9es, parfois via des courtiers en donn\u00e9es personnelles, et pouvaient conserver ces informations ind\u00e9finiment.<\/p>\n<p class=\"paragraph textModule textModule--type-paragraph \">\u00ab\u00a0Ce rapport met en lumi\u00e8re la fa\u00e7on dont les r\u00e9seaux sociaux et les soci\u00e9t\u00e9s de vid\u00e9os en\u00a0<em>streaming<\/em>\u00a0r\u00e9coltent une \u00e9norme quantit\u00e9 de donn\u00e9es personnelles et les mon\u00e9tisent pour plusieurs milliards de dollars\u00a0\u00bb, a expliqu\u00e9 dans un communiqu\u00e9 la patronne de la FTC, Lina Khan, se disant \u00ab\u00a0particuli\u00e8rement pr\u00e9occup\u00e9e par l\u2019\u00e9chec de plusieurs de ces compagnies \u00e0 prot\u00e9ger les enfants et les adolescents en ligne\u00a0\u00bb.<\/p>\n<p class=\"paragraph textModule textModule--type-paragraph \">Dans nombre de ces soci\u00e9t\u00e9s, les mod\u00e8les \u00e9conomiques impliquant le recours \u00e0 la publicit\u00e9 cibl\u00e9e encouragent la collecte en masse des donn\u00e9es des utilisateurs, privil\u00e9giant le profit sur la vie priv\u00e9e, selon le rapport.<\/p>\n<div class=\"module module--scalable quote\" data-lazy-module=\"quote\">\n<div>\n<p class=\"quoteText\">Lucratives pour les soci\u00e9t\u00e9s, ces pratiques de surveillance peuvent mettre en p\u00e9ril la vie priv\u00e9e des gens, menacer leurs libert\u00e9s et les exposer \u00e0 nombre de maux, du vol d\u2019identit\u00e9 au harc\u00e8lement.<\/p>\n<\/div>\n<p class=\"quoteSource\">\u00a0Lina Khan, commissaire de la FTC<\/p>\n<\/div>\n<p class=\"paragraph textModule textModule--type-paragraph \">Dans un message en r\u00e9ponse \u00e0 la publication du rapport, le chef de l\u2019Interactive Advertising Bureau (IAB), une organisation d\u2019entreprises du secteur, s\u2019est dit \u00ab\u00a0d\u00e9\u00e7u du fait que la FTC caract\u00e9rise continuellement l\u2019industrie de la publicit\u00e9 num\u00e9rique comme impliqu\u00e9e dans une \u201csurveillance commerciale de masse\u201d\u00a0\u00bb.<\/p>\n<div class=\"adsWrapper greyLineToppedBox\">\n<div class=\"adSpotBlock wrapCenter pageBox adSpotBlock--pageView-desktop adSpotBlock--rendered adSpotBlock--empty\">\n<div id=\"ad66f28ecc66857-slotWrapper\" class=\"slotWrapper adSpotBlock__slotWrapper\"><\/div>\n<\/div>\n<\/div>\n<p class=\"paragraph textModule textModule--type-paragraph \">Selon David Cohen, les internautes comprennent que les publicit\u00e9s cibl\u00e9es leur permettent de profiter de services en ligne qui, autrement, ne seraient pas gratuits ou bon march\u00e9.<\/p>\n<p class=\"paragraph textModule textModule--type-paragraph \">L\u2019IAB fait \u00e9galement remarquer jeudi qu\u2019il soutient \u00ab\u00a0vigoureusement\u00a0\u00bb une loi exhaustive sur les donn\u00e9es personnelles \u00e0 l\u2019\u00e9chelle nationale, une l\u00e9gislation que le rapport appelle de ses v\u0153ux.<\/p>\n<p class=\"paragraph textModule textModule--type-paragraph \">Le rapport se base sur des demandes envoy\u00e9es fin\u00a02020 \u00e0 des soci\u00e9t\u00e9s comme Meta, YouTube (Google), Snap, Amazon (pour Twitch), ByteDance (TikTok) et Twitter devenu X.<\/p>\n<p class=\"paragraph textModule textModule--type-paragraph \">Un porte-parole de Google, Jose Cataneda, a indiqu\u00e9 \u00e0 l\u2019AFP que sa soci\u00e9t\u00e9 \u00bb avait les dispositions les plus strictes du secteur concernant la confidentialit\u00e9 (des donn\u00e9es). \u00ab Nous ne vendons jamais d\u2019informations personnelles et n\u2019utilisons pas d\u2019informations sensibles pour proposer des pubs \u00bb, a-t-il affirm\u00e9.<\/p>\n<p class=\"paragraph textModule textModule--type-paragraph \">https:\/\/www.lapresse.ca\/affaires\/techno\/2024-09-19\/autorite-americaine-de-la-concurrence\/les-reseaux-sociaux-accuses-de-surveillance-de-masse.php<\/p>\n","protected":false},"excerpt":{"rendered":"<p>(San\u00a0Francisco) Une \u00e9tude men\u00e9e sur plusieurs ann\u00e9es montre que les g\u00e9ants des r\u00e9seaux sociaux et de l\u2019internet pratiquent \u00ab\u00a0une surveillance de masse\u00a0\u00bb pour capitaliser sur les donn\u00e9es personnelles des internautes, selon l\u2019Autorit\u00e9 am\u00e9ricaine de la concurrence (FTC). Un rapport publi\u00e9 mercredi soir et fait \u00e0 partir de requ\u00eates lanc\u00e9es il y a quatre ans \u00e0 &hellip;<\/p>\n","protected":false},"author":2,"featured_media":11509,"comment_status":"open","ping_status":"open","sticky":false,"template":"","format":"standard","meta":{"footnotes":""},"categories":[18,29],"tags":[],"class_list":["post-11508","post","type-post","status-publish","format-standard","has-post-thumbnail","hentry","category-actualites","category-monde"],"_links":{"self":[{"href":"https:\/\/ladepeche.mr\/index.php?rest_route=\/wp\/v2\/posts\/11508","targetHints":{"allow":["GET"]}}],"collection":[{"href":"https:\/\/ladepeche.mr\/index.php?rest_route=\/wp\/v2\/posts"}],"about":[{"href":"https:\/\/ladepeche.mr\/index.php?rest_route=\/wp\/v2\/types\/post"}],"author":[{"embeddable":true,"href":"https:\/\/ladepeche.mr\/index.php?rest_route=\/wp\/v2\/users\/2"}],"replies":[{"embeddable":true,"href":"https:\/\/ladepeche.mr\/index.php?rest_route=%2Fwp%2Fv2%2Fcomments&post=11508"}],"version-history":[{"count":1,"href":"https:\/\/ladepeche.mr\/index.php?rest_route=\/wp\/v2\/posts\/11508\/revisions"}],"predecessor-version":[{"id":11510,"href":"https:\/\/ladepeche.mr\/index.php?rest_route=\/wp\/v2\/posts\/11508\/revisions\/11510"}],"wp:featuredmedia":[{"embeddable":true,"href":"https:\/\/ladepeche.mr\/index.php?rest_route=\/wp\/v2\/media\/11509"}],"wp:attachment":[{"href":"https:\/\/ladepeche.mr\/index.php?rest_route=%2Fwp%2Fv2%2Fmedia&parent=11508"}],"wp:term":[{"taxonomy":"category","embeddable":true,"href":"https:\/\/ladepeche.mr\/index.php?rest_route=%2Fwp%2Fv2%2Fcategories&post=11508"},{"taxonomy":"post_tag","embeddable":true,"href":"https:\/\/ladepeche.mr\/index.php?rest_route=%2Fwp%2Fv2%2Ftags&post=11508"}],"curies":[{"name":"wp","href":"https:\/\/api.w.org\/{rel}","templated":true}]}}