{"id":11514,"date":"2024-09-24T11:10:24","date_gmt":"2024-09-24T11:10:24","guid":{"rendered":"https:\/\/ladepeche.mr\/?p=11514"},"modified":"2024-09-24T11:10:42","modified_gmt":"2024-09-24T11:10:42","slug":"11514","status":"publish","type":"post","link":"https:\/\/ladepeche.mr\/?p=11514","title":{"rendered":"Autonomisation des jeunes\u00a0: Le gouvernement frappe \u00e0 la porte des Nations Unies"},"content":{"rendered":"<p>Pour mener \u00e0 bon port sa politique d\u2019autonomisation de la jeunesse, le gouvernement mauritanien escompte un accompagnement des nations-unies. Une rencontre a r\u00e9uni \u00e0 cette fin le ministre de l&#8217;\u00e9conomie et des finances, Sid\u2019Ahmed Ould Bouh, et F. Pualiier, sous-secr\u00e9taire g\u00e9n\u00e9ral aux affaires de la jeunesse de l\u2019ONU.<\/p>\n<p>&nbsp;<\/p>\n<p>Le ministre de l\u2019\u00e9conomie et des finances, Sid\u2019Ahmed Ould Bouh, a plaid\u00e9 lundi, lors d\u2019une r\u00e9union en marge du sommet du Futur, aupr\u00e8s du sous-secr\u00e9taire g\u00e9n\u00e9ral des NU, Felipe Paullier, pour un appui de l\u2019organisation internationale en vue d\u2019une meilleure l\u2019autonomisation des jeunes dans son pays o\u00f9 les \u00be de la population ont de 35 ans.<\/p>\n<p>Le ministre qui a inscrit l\u2019int\u00e9r\u00eat \u00e0 l\u2019autonomisation des jeunes dans l\u2019action du pr\u00e9sident Ghazouani a encore rappel\u00e9 \u00ab\u00a0la n\u00e9cessit\u00e9 de concevoir et de mettre en \u0153uvre les initiatives indispensables pour exploiter le dividende d\u00e9mographique \u00e0 travers l&#8217;autonomisation des jeunes\u00a0\u00bb. Le ministre mauritanien a dit fonder beaucoup d\u2019espoirs dans \u00ab\u00a0l&#8217;expertise technique de l&#8217;ONU dans l&#8217;\u00e9laboration des politiques et strat\u00e9gies\u00a0\u00bb en vue d\u2019accompagner les efforts d\u2019innovation et de formation \u00e0 travers notamment \u00ab\u00a0l&#8217;acc\u00e8s \u00e0 des financements concessionnels, et la promotion de technologies nouvelles adapt\u00e9es\u00a0\u00bb pour r\u00e9pondre aux aspirations de la jeunesse.<\/p>\n<p>Des requ\u00eates qui semblent \u00eatre tomb\u00e9es dans les oreilles r\u00e9ceptives du sous-secr\u00e9taire g\u00e9n\u00e9ral des NU, Felipe Paullier qui a promis d\u2019apporter le concours de l\u2019organisation aux efforts de la Mauritanie en mati\u00e8re d\u2019autonomisation des jeunes. Pour concr\u00e9tiser cet apport, F. Paullier, pour qui il serait essentiel d\u2019harmoniser les interventions des agences des NU sur cette question, devrait se rendre prochainement en Mauritanie \u00e0 l\u2019invitation du gouvernement mauritanien.<\/p>\n<p>La Mauritanie, rappelle-t-on, a cr\u00e9\u00e9 un minist\u00e8re d\u00e9di\u00e9 \u00e0 l\u2019autonomisation des jeunes qui recueille actuellement, dans une approche participative, leurs propositions mieux cerner les probl\u00e9matiques dans ce domaine.<\/p>\n","protected":false},"excerpt":{"rendered":"<p>Pour mener \u00e0 bon port sa politique d\u2019autonomisation de la jeunesse, le gouvernement mauritanien escompte un accompagnement des nations-unies. Une rencontre a r\u00e9uni \u00e0 cette fin le ministre de l&#8217;\u00e9conomie et des finances, Sid\u2019Ahmed Ould Bouh, et F. Pualiier, sous-secr\u00e9taire g\u00e9n\u00e9ral aux affaires de la jeunesse de l\u2019ONU. &nbsp; Le ministre de l\u2019\u00e9conomie et des &hellip;<\/p>\n","protected":false},"author":2,"featured_media":11515,"comment_status":"open","ping_status":"open","sticky":false,"template":"","format":"standard","meta":{"footnotes":""},"categories":[18,2],"tags":[],"class_list":["post-11514","post","type-post","status-publish","format-standard","has-post-thumbnail","hentry","category-actualites","category-economie"],"_links":{"self":[{"href":"https:\/\/ladepeche.mr\/index.php?rest_route=\/wp\/v2\/posts\/11514","targetHints":{"allow":["GET"]}}],"collection":[{"href":"https:\/\/ladepeche.mr\/index.php?rest_route=\/wp\/v2\/posts"}],"about":[{"href":"https:\/\/ladepeche.mr\/index.php?rest_route=\/wp\/v2\/types\/post"}],"author":[{"embeddable":true,"href":"https:\/\/ladepeche.mr\/index.php?rest_route=\/wp\/v2\/users\/2"}],"replies":[{"embeddable":true,"href":"https:\/\/ladepeche.mr\/index.php?rest_route=%2Fwp%2Fv2%2Fcomments&post=11514"}],"version-history":[{"count":2,"href":"https:\/\/ladepeche.mr\/index.php?rest_route=\/wp\/v2\/posts\/11514\/revisions"}],"predecessor-version":[{"id":11517,"href":"https:\/\/ladepeche.mr\/index.php?rest_route=\/wp\/v2\/posts\/11514\/revisions\/11517"}],"wp:featuredmedia":[{"embeddable":true,"href":"https:\/\/ladepeche.mr\/index.php?rest_route=\/wp\/v2\/media\/11515"}],"wp:attachment":[{"href":"https:\/\/ladepeche.mr\/index.php?rest_route=%2Fwp%2Fv2%2Fmedia&parent=11514"}],"wp:term":[{"taxonomy":"category","embeddable":true,"href":"https:\/\/ladepeche.mr\/index.php?rest_route=%2Fwp%2Fv2%2Fcategories&post=11514"},{"taxonomy":"post_tag","embeddable":true,"href":"https:\/\/ladepeche.mr\/index.php?rest_route=%2Fwp%2Fv2%2Ftags&post=11514"}],"curies":[{"name":"wp","href":"https:\/\/api.w.org\/{rel}","templated":true}]}}